{"id":7776,"date":"2026-04-21T10:39:30","date_gmt":"2026-04-21T08:39:30","guid":{"rendered":"https:\/\/cccambrils.cat\/?p=7776"},"modified":"2026-04-21T10:39:33","modified_gmt":"2026-04-21T08:39:33","slug":"ajudes-subvencions-renda-2025-declarar-exemptes","status":"publish","type":"post","link":"https:\/\/cccambrils.cat\/ca\/ajudes-subvencions-renda-2025-declarar-exemptes\/","title":{"rendered":"Quines ajudes i subvencions has de declarar a la Renda 2025 i quines estan exemptes"},"content":{"rendered":"\n<p>Amb la campanya de la Renda 2025 en marxa, un dels dubtes m\u00e9s habituals entre els contribuents \u00e9s com s\u2019han de tractar les ajudes p\u00fabliques: s\u2019han d\u2019incloure a la declaraci\u00f3 o no? La resposta general \u00e9s clara, per\u00f2 amb matisos: la majoria d\u2019ajudes tributen, tot i que n\u2019hi ha algunes que estan exemptes.<\/p>\n\n\n\n<!--more-->\n\n\n\n<h3 class=\"wp-block-heading\">Regla general: les ajudes s\u2019han de declarar<\/h3>\n\n\n\n<p>En l\u00ednies generals, qualsevol ajuda econ\u00f2mica que rep una persona s\u2019ha d\u2019incloure a la declaraci\u00f3 de l\u2019IRPF. Hisenda considera aquests imports com a ingressos, i per tant s\u2019integren a la base imposable, habitualment com a guanys patrimonials.<\/p>\n\n\n\n<p>Cal tenir en compte, a m\u00e9s, que aquestes ajudes s\u2019han de declarar l\u2019any en qu\u00e8 es cobren, no quan es concedeixen.<\/p>\n\n\n\n<p>Segons el cas, poden tributar de diferents maneres:<\/p>\n\n\n\n<ul class=\"wp-block-list\">\n<li>Com a rendiments del treball<\/li>\n\n\n\n<li>Com a ingressos d\u2019activitats econ\u00f2miques (en el cas d\u2019aut\u00f2noms)<\/li>\n\n\n\n<li>O com a guanys patrimonials<\/li>\n<\/ul>\n\n\n\n<h3 class=\"wp-block-heading\">Ajudes que s\u00ed que has d\u2019incloure a la renda<\/h3>\n\n\n\n<p>Entre les subvencions que habitualment s\u2019han de declarar hi trobem:<\/p>\n\n\n\n<ul class=\"wp-block-list\">\n<li>Ajudes per a la compra o rehabilitaci\u00f3 d\u2019habitatge<\/li>\n\n\n\n<li>Subvencions al lloguer<\/li>\n\n\n\n<li>Incentius per a la compra de vehicles (com els plans Renove)<\/li>\n\n\n\n<li>Ajudes p\u00fabliques directes<\/li>\n<\/ul>\n\n\n\n<p>Aquestes ajudes solen considerar-se guanys patrimonials i, per tant, s\u2019han d\u2019incloure a la declaraci\u00f3.<\/p>\n\n\n\n<p>Tamb\u00e9 hi ha casos que poden generar dubtes, com algunes ajudes energ\u00e8tiques o determinades prestacions, que s\u2019han d\u2019incloure perqu\u00e8 suposen un ingr\u00e9s efectiu.<\/p>\n\n\n\n<h3 class=\"wp-block-heading\">Ajudes exemptes: quan no tributen<\/h3>\n\n\n\n<p>No totes les ajudes han de passar per Hisenda. La normativa estableix diversos sup\u00f2sits en qu\u00e8 aquestes estan exemptes de tributaci\u00f3.<\/p>\n\n\n\n<p>Entre les m\u00e9s comunes hi ha:<\/p>\n\n\n\n<ul class=\"wp-block-list\">\n<li>Beques p\u00fabliques per a estudis<\/li>\n\n\n\n<li>Indemnitzacions per acomiadament (dins de certs l\u00edmits)<\/li>\n\n\n\n<li>Prestacions per incapacitat permanent<\/li>\n\n\n\n<li>Ajudes relacionades amb la depend\u00e8ncia<\/li>\n\n\n\n<li>Ajudes per cat\u00e0strofes o situacions d\u2019emerg\u00e8ncia<\/li>\n\n\n\n<li>Algunes subvencions per a efici\u00e8ncia energ\u00e8tica o energies renovables<\/li>\n<\/ul>\n\n\n\n<p>Tamb\u00e9 existeixen exempcions espec\u00edfiques per a determinats col\u00b7lectius en situacions concretes regulades per llei.<\/p>\n\n\n\n<h3 class=\"wp-block-heading\">Atenci\u00f3 als detalls: cada ajuda t\u00e9 les seves normes<\/h3>\n\n\n\n<p>Un aspecte important \u00e9s que no totes les subvencions es tracten igual. Algunes poden estar parcialment exemptes, d\u2019altres depenen de l\u00edmits d\u2019ingressos, i en alguns casos es pot repartir la tributaci\u00f3 en diversos anys per reduir l\u2019impacte fiscal.<\/p>\n\n\n\n<p>Per aix\u00f2, \u00e9s fonamental revisar les condicions espec\u00edfiques de cada ajuda abans de fer la declaraci\u00f3.<\/p>\n\n\n\n<h3 class=\"wp-block-heading\">Conclusi\u00f3<\/h3>\n\n\n\n<p>Encara que pugui semblar complicat, la idea clau \u00e9s:<\/p>\n\n\n\n<ul class=\"wp-block-list\">\n<li><strong>La majoria d\u2019ajudes i subvencions tributen i s\u2019han d\u2019incloure a la renda<\/strong><\/li>\n\n\n\n<li><strong>Nom\u00e9s estan exemptes aquelles que la llei estableix expressament<\/strong><\/li>\n<\/ul>\n\n\n\n<p>Revisar b\u00e9 l\u2019esborrany i entendre com tributa cada ajuda \u00e9s essencial per evitar errors amb Hisenda.<\/p>\n","protected":false},"excerpt":{"rendered":"<p>Amb la campanya de la Renda 2025 en marxa, un dels dubtes m\u00e9s habituals entre els contribuents \u00e9s com s\u2019han de tractar les ajudes p\u00fabliques: s\u2019han d\u2019incloure a la declaraci\u00f3 o no? La resposta general \u00e9s clara, per\u00f2 amb matisos: la majoria d\u2019ajudes tributen, tot i que n\u2019hi ha algunes<\/p>\n","protected":false},"author":1,"featured_media":7774,"comment_status":"closed","ping_status":"closed","sticky":false,"template":"","format":"standard","meta":{"footnotes":""},"categories":[24,50],"tags":[86,85,97],"class_list":["post-7776","post","type-post","status-publish","format-standard","has-post-thumbnail","hentry","category-compta-clar-ca","category-renda","tag-declaracio-de-la-renda","tag-renda","tag-renda-2025"],"yoast_head":"<!-- This site is optimized with the Yoast SEO plugin v27.5 - https:\/\/yoast.com\/product\/yoast-seo-wordpress\/ -->\n<title>Quines ajudes i subvencions has de declarar a la Renda 2025 (i quines estan exemptes)<\/title>\n<meta name=\"description\" content=\"Descobreix quines ajudes i subvencions has d\u2019incloure a la Renda 2025 i quines estan exemptes. Evita errors i ent\u00e9n com tributen pas a pas.\" \/>\n<meta name=\"robots\" content=\"index, follow, max-snippet:-1, max-image-preview:large, max-video-preview:-1\" \/>\n<link rel=\"canonical\" href=\"https:\/\/cccambrils.cat\/ca\/ajudes-subvencions-renda-2025-declarar-exemptes\/\" \/>\n<meta property=\"og:locale\" content=\"ca_ES\" \/>\n<meta property=\"og:type\" content=\"article\" \/>\n<meta property=\"og:title\" content=\"Quines ajudes i subvencions has de declarar a la Renda 2025 (i quines estan exemptes)\" \/>\n<meta property=\"og:description\" content=\"Descobreix quines ajudes i subvencions has d\u2019incloure a la Renda 2025 i quines estan exemptes. Evita errors i ent\u00e9n com tributen pas a pas.\" \/>\n<meta property=\"og:url\" content=\"https:\/\/cccambrils.cat\/ca\/ajudes-subvencions-renda-2025-declarar-exemptes\/\" \/>\n<meta property=\"og:site_name\" content=\"Asesor\u00eda Compta-Clar\" \/>\n<meta property=\"article:published_time\" content=\"2026-04-21T08:39:30+00:00\" \/>\n<meta property=\"article:modified_time\" content=\"2026-04-21T08:39:33+00:00\" \/>\n<meta property=\"og:image\" content=\"https:\/\/cccambrils.cat\/wp-content\/uploads\/2026\/04\/ayudas-renta-2025-asesora-cliente.jpg\" \/>\n\t<meta property=\"og:image:width\" content=\"1536\" \/>\n\t<meta property=\"og:image:height\" content=\"1024\" \/>\n\t<meta property=\"og:image:type\" content=\"image\/jpeg\" \/>\n<meta name=\"author\" content=\"Compta Clar\" \/>\n<meta name=\"twitter:card\" content=\"summary_large_image\" \/>\n<meta name=\"twitter:label1\" content=\"Escrit per\" \/>\n\t<meta name=\"twitter:data1\" content=\"Compta Clar\" \/>\n\t<meta name=\"twitter:label2\" content=\"Temps estimat de lectura\" \/>\n\t<meta name=\"twitter:data2\" content=\"3 minuts\" \/>\n<script type=\"application\/ld+json\" class=\"yoast-schema-graph\">{\"@context\":\"https:\\\/\\\/schema.org\",\"@graph\":[{\"@type\":\"Article\",\"@id\":\"https:\\\/\\\/cccambrils.cat\\\/ca\\\/ajudes-subvencions-renda-2025-declarar-exemptes\\\/#article\",\"isPartOf\":{\"@id\":\"https:\\\/\\\/cccambrils.cat\\\/ca\\\/ajudes-subvencions-renda-2025-declarar-exemptes\\\/\"},\"author\":{\"name\":\"Compta Clar\",\"@id\":\"https:\\\/\\\/cccambrils.cat\\\/#\\\/schema\\\/person\\\/9902b120a50b716a1ea72a822d13a1d2\"},\"headline\":\"Quines ajudes i subvencions has de declarar a la Renda 2025 i quines estan exemptes\",\"datePublished\":\"2026-04-21T08:39:30+00:00\",\"dateModified\":\"2026-04-21T08:39:33+00:00\",\"mainEntityOfPage\":{\"@id\":\"https:\\\/\\\/cccambrils.cat\\\/ca\\\/ajudes-subvencions-renda-2025-declarar-exemptes\\\/\"},\"wordCount\":484,\"publisher\":{\"@id\":\"https:\\\/\\\/cccambrils.cat\\\/#organization\"},\"image\":{\"@id\":\"https:\\\/\\\/cccambrils.cat\\\/ca\\\/ajudes-subvencions-renda-2025-declarar-exemptes\\\/#primaryimage\"},\"thumbnailUrl\":\"https:\\\/\\\/cccambrils.cat\\\/wp-content\\\/uploads\\\/2026\\\/04\\\/ayudas-renta-2025-asesora-cliente.jpg\",\"keywords\":[\"declaraci\u00f3 de la renda\",\"renda\",\"renda 2025\"],\"articleSection\":[\"Compta Clar @ca\",\"Renda\"],\"inLanguage\":\"ca\"},{\"@type\":\"WebPage\",\"@id\":\"https:\\\/\\\/cccambrils.cat\\\/ca\\\/ajudes-subvencions-renda-2025-declarar-exemptes\\\/\",\"url\":\"https:\\\/\\\/cccambrils.cat\\\/ca\\\/ajudes-subvencions-renda-2025-declarar-exemptes\\\/\",\"name\":\"Quines ajudes i subvencions has de declarar a la Renda 2025 (i quines estan exemptes)\",\"isPartOf\":{\"@id\":\"https:\\\/\\\/cccambrils.cat\\\/#website\"},\"primaryImageOfPage\":{\"@id\":\"https:\\\/\\\/cccambrils.cat\\\/ca\\\/ajudes-subvencions-renda-2025-declarar-exemptes\\\/#primaryimage\"},\"image\":{\"@id\":\"https:\\\/\\\/cccambrils.cat\\\/ca\\\/ajudes-subvencions-renda-2025-declarar-exemptes\\\/#primaryimage\"},\"thumbnailUrl\":\"https:\\\/\\\/cccambrils.cat\\\/wp-content\\\/uploads\\\/2026\\\/04\\\/ayudas-renta-2025-asesora-cliente.jpg\",\"datePublished\":\"2026-04-21T08:39:30+00:00\",\"dateModified\":\"2026-04-21T08:39:33+00:00\",\"description\":\"Descobreix quines ajudes i subvencions has d\u2019incloure a la Renda 2025 i quines estan exemptes. Evita errors i ent\u00e9n com tributen pas a pas.\",\"breadcrumb\":{\"@id\":\"https:\\\/\\\/cccambrils.cat\\\/ca\\\/ajudes-subvencions-renda-2025-declarar-exemptes\\\/#breadcrumb\"},\"inLanguage\":\"ca\",\"potentialAction\":[{\"@type\":\"ReadAction\",\"target\":[\"https:\\\/\\\/cccambrils.cat\\\/ca\\\/ajudes-subvencions-renda-2025-declarar-exemptes\\\/\"]}]},{\"@type\":\"ImageObject\",\"inLanguage\":\"ca\",\"@id\":\"https:\\\/\\\/cccambrils.cat\\\/ca\\\/ajudes-subvencions-renda-2025-declarar-exemptes\\\/#primaryimage\",\"url\":\"https:\\\/\\\/cccambrils.cat\\\/wp-content\\\/uploads\\\/2026\\\/04\\\/ayudas-renta-2025-asesora-cliente.jpg\",\"contentUrl\":\"https:\\\/\\\/cccambrils.cat\\\/wp-content\\\/uploads\\\/2026\\\/04\\\/ayudas-renta-2025-asesora-cliente.jpg\",\"width\":1536,\"height\":1024,\"caption\":\"Asesora fiscal explicando a un cliente qu\u00e9 ayudas declarar en la renta 2025\"},{\"@type\":\"BreadcrumbList\",\"@id\":\"https:\\\/\\\/cccambrils.cat\\\/ca\\\/ajudes-subvencions-renda-2025-declarar-exemptes\\\/#breadcrumb\",\"itemListElement\":[{\"@type\":\"ListItem\",\"position\":1,\"name\":\"Portada\",\"item\":\"https:\\\/\\\/cccambrils.cat\\\/ca\\\/\"},{\"@type\":\"ListItem\",\"position\":2,\"name\":\"Quines ajudes i subvencions has de declarar a la Renda 2025 i quines estan exemptes\"}]},{\"@type\":\"WebSite\",\"@id\":\"https:\\\/\\\/cccambrils.cat\\\/#website\",\"url\":\"https:\\\/\\\/cccambrils.cat\\\/\",\"name\":\"Asesor\u00eda Compta-Clar\",\"description\":\"Asesor\u00eda profesional en Cambrils, Reus y Tarragona\",\"publisher\":{\"@id\":\"https:\\\/\\\/cccambrils.cat\\\/#organization\"},\"potentialAction\":[{\"@type\":\"SearchAction\",\"target\":{\"@type\":\"EntryPoint\",\"urlTemplate\":\"https:\\\/\\\/cccambrils.cat\\\/?s={search_term_string}\"},\"query-input\":{\"@type\":\"PropertyValueSpecification\",\"valueRequired\":true,\"valueName\":\"search_term_string\"}}],\"inLanguage\":\"ca\"},{\"@type\":\"Organization\",\"@id\":\"https:\\\/\\\/cccambrils.cat\\\/#organization\",\"name\":\"Asesor\u00eda Compta-Clar\",\"url\":\"https:\\\/\\\/cccambrils.cat\\\/\",\"logo\":{\"@type\":\"ImageObject\",\"inLanguage\":\"ca\",\"@id\":\"https:\\\/\\\/cccambrils.cat\\\/#\\\/schema\\\/logo\\\/image\\\/\",\"url\":\"\",\"contentUrl\":\"\",\"caption\":\"Asesor\u00eda Compta-Clar\"},\"image\":{\"@id\":\"https:\\\/\\\/cccambrils.cat\\\/#\\\/schema\\\/logo\\\/image\\\/\"}},{\"@type\":\"Person\",\"@id\":\"https:\\\/\\\/cccambrils.cat\\\/#\\\/schema\\\/person\\\/9902b120a50b716a1ea72a822d13a1d2\",\"name\":\"Compta Clar\",\"image\":{\"@type\":\"ImageObject\",\"inLanguage\":\"ca\",\"@id\":\"https:\\\/\\\/secure.gravatar.com\\\/avatar\\\/5d5a70e0d55973c8bac1d128e2e64d8debf58c20003b272166918508e37ceaa2?s=96&d=mm&r=g\",\"url\":\"https:\\\/\\\/secure.gravatar.com\\\/avatar\\\/5d5a70e0d55973c8bac1d128e2e64d8debf58c20003b272166918508e37ceaa2?s=96&d=mm&r=g\",\"contentUrl\":\"https:\\\/\\\/secure.gravatar.com\\\/avatar\\\/5d5a70e0d55973c8bac1d128e2e64d8debf58c20003b272166918508e37ceaa2?s=96&d=mm&r=g\",\"caption\":\"Compta Clar\"}}]}<\/script>\n<!-- \/ Yoast SEO plugin. -->","yoast_head_json":{"title":"Quines ajudes i subvencions has de declarar a la Renda 2025 (i quines estan exemptes)","description":"Descobreix quines ajudes i subvencions has d\u2019incloure a la Renda 2025 i quines estan exemptes. Evita errors i ent\u00e9n com tributen pas a pas.","robots":{"index":"index","follow":"follow","max-snippet":"max-snippet:-1","max-image-preview":"max-image-preview:large","max-video-preview":"max-video-preview:-1"},"canonical":"https:\/\/cccambrils.cat\/ca\/ajudes-subvencions-renda-2025-declarar-exemptes\/","og_locale":"ca_ES","og_type":"article","og_title":"Quines ajudes i subvencions has de declarar a la Renda 2025 (i quines estan exemptes)","og_description":"Descobreix quines ajudes i subvencions has d\u2019incloure a la Renda 2025 i quines estan exemptes. Evita errors i ent\u00e9n com tributen pas a pas.","og_url":"https:\/\/cccambrils.cat\/ca\/ajudes-subvencions-renda-2025-declarar-exemptes\/","og_site_name":"Asesor\u00eda Compta-Clar","article_published_time":"2026-04-21T08:39:30+00:00","article_modified_time":"2026-04-21T08:39:33+00:00","og_image":[{"width":1536,"height":1024,"url":"https:\/\/cccambrils.cat\/wp-content\/uploads\/2026\/04\/ayudas-renta-2025-asesora-cliente.jpg","type":"image\/jpeg"}],"author":"Compta Clar","twitter_card":"summary_large_image","twitter_misc":{"Escrit per":"Compta Clar","Temps estimat de lectura":"3 minuts"},"schema":{"@context":"https:\/\/schema.org","@graph":[{"@type":"Article","@id":"https:\/\/cccambrils.cat\/ca\/ajudes-subvencions-renda-2025-declarar-exemptes\/#article","isPartOf":{"@id":"https:\/\/cccambrils.cat\/ca\/ajudes-subvencions-renda-2025-declarar-exemptes\/"},"author":{"name":"Compta Clar","@id":"https:\/\/cccambrils.cat\/#\/schema\/person\/9902b120a50b716a1ea72a822d13a1d2"},"headline":"Quines ajudes i subvencions has de declarar a la Renda 2025 i quines estan exemptes","datePublished":"2026-04-21T08:39:30+00:00","dateModified":"2026-04-21T08:39:33+00:00","mainEntityOfPage":{"@id":"https:\/\/cccambrils.cat\/ca\/ajudes-subvencions-renda-2025-declarar-exemptes\/"},"wordCount":484,"publisher":{"@id":"https:\/\/cccambrils.cat\/#organization"},"image":{"@id":"https:\/\/cccambrils.cat\/ca\/ajudes-subvencions-renda-2025-declarar-exemptes\/#primaryimage"},"thumbnailUrl":"https:\/\/cccambrils.cat\/wp-content\/uploads\/2026\/04\/ayudas-renta-2025-asesora-cliente.jpg","keywords":["declaraci\u00f3 de la renda","renda","renda 2025"],"articleSection":["Compta Clar @ca","Renda"],"inLanguage":"ca"},{"@type":"WebPage","@id":"https:\/\/cccambrils.cat\/ca\/ajudes-subvencions-renda-2025-declarar-exemptes\/","url":"https:\/\/cccambrils.cat\/ca\/ajudes-subvencions-renda-2025-declarar-exemptes\/","name":"Quines ajudes i subvencions has de declarar a la Renda 2025 (i quines estan exemptes)","isPartOf":{"@id":"https:\/\/cccambrils.cat\/#website"},"primaryImageOfPage":{"@id":"https:\/\/cccambrils.cat\/ca\/ajudes-subvencions-renda-2025-declarar-exemptes\/#primaryimage"},"image":{"@id":"https:\/\/cccambrils.cat\/ca\/ajudes-subvencions-renda-2025-declarar-exemptes\/#primaryimage"},"thumbnailUrl":"https:\/\/cccambrils.cat\/wp-content\/uploads\/2026\/04\/ayudas-renta-2025-asesora-cliente.jpg","datePublished":"2026-04-21T08:39:30+00:00","dateModified":"2026-04-21T08:39:33+00:00","description":"Descobreix quines ajudes i subvencions has d\u2019incloure a la Renda 2025 i quines estan exemptes. Evita errors i ent\u00e9n com tributen pas a pas.","breadcrumb":{"@id":"https:\/\/cccambrils.cat\/ca\/ajudes-subvencions-renda-2025-declarar-exemptes\/#breadcrumb"},"inLanguage":"ca","potentialAction":[{"@type":"ReadAction","target":["https:\/\/cccambrils.cat\/ca\/ajudes-subvencions-renda-2025-declarar-exemptes\/"]}]},{"@type":"ImageObject","inLanguage":"ca","@id":"https:\/\/cccambrils.cat\/ca\/ajudes-subvencions-renda-2025-declarar-exemptes\/#primaryimage","url":"https:\/\/cccambrils.cat\/wp-content\/uploads\/2026\/04\/ayudas-renta-2025-asesora-cliente.jpg","contentUrl":"https:\/\/cccambrils.cat\/wp-content\/uploads\/2026\/04\/ayudas-renta-2025-asesora-cliente.jpg","width":1536,"height":1024,"caption":"Asesora fiscal explicando a un cliente qu\u00e9 ayudas declarar en la renta 2025"},{"@type":"BreadcrumbList","@id":"https:\/\/cccambrils.cat\/ca\/ajudes-subvencions-renda-2025-declarar-exemptes\/#breadcrumb","itemListElement":[{"@type":"ListItem","position":1,"name":"Portada","item":"https:\/\/cccambrils.cat\/ca\/"},{"@type":"ListItem","position":2,"name":"Quines ajudes i subvencions has de declarar a la Renda 2025 i quines estan exemptes"}]},{"@type":"WebSite","@id":"https:\/\/cccambrils.cat\/#website","url":"https:\/\/cccambrils.cat\/","name":"Asesor\u00eda Compta-Clar","description":"Asesor\u00eda profesional en Cambrils, Reus y Tarragona","publisher":{"@id":"https:\/\/cccambrils.cat\/#organization"},"potentialAction":[{"@type":"SearchAction","target":{"@type":"EntryPoint","urlTemplate":"https:\/\/cccambrils.cat\/?s={search_term_string}"},"query-input":{"@type":"PropertyValueSpecification","valueRequired":true,"valueName":"search_term_string"}}],"inLanguage":"ca"},{"@type":"Organization","@id":"https:\/\/cccambrils.cat\/#organization","name":"Asesor\u00eda Compta-Clar","url":"https:\/\/cccambrils.cat\/","logo":{"@type":"ImageObject","inLanguage":"ca","@id":"https:\/\/cccambrils.cat\/#\/schema\/logo\/image\/","url":"","contentUrl":"","caption":"Asesor\u00eda Compta-Clar"},"image":{"@id":"https:\/\/cccambrils.cat\/#\/schema\/logo\/image\/"}},{"@type":"Person","@id":"https:\/\/cccambrils.cat\/#\/schema\/person\/9902b120a50b716a1ea72a822d13a1d2","name":"Compta Clar","image":{"@type":"ImageObject","inLanguage":"ca","@id":"https:\/\/secure.gravatar.com\/avatar\/5d5a70e0d55973c8bac1d128e2e64d8debf58c20003b272166918508e37ceaa2?s=96&d=mm&r=g","url":"https:\/\/secure.gravatar.com\/avatar\/5d5a70e0d55973c8bac1d128e2e64d8debf58c20003b272166918508e37ceaa2?s=96&d=mm&r=g","contentUrl":"https:\/\/secure.gravatar.com\/avatar\/5d5a70e0d55973c8bac1d128e2e64d8debf58c20003b272166918508e37ceaa2?s=96&d=mm&r=g","caption":"Compta Clar"}}]}},"_links":{"self":[{"href":"https:\/\/cccambrils.cat\/ca\/wp-json\/wp\/v2\/posts\/7776","targetHints":{"allow":["GET"]}}],"collection":[{"href":"https:\/\/cccambrils.cat\/ca\/wp-json\/wp\/v2\/posts"}],"about":[{"href":"https:\/\/cccambrils.cat\/ca\/wp-json\/wp\/v2\/types\/post"}],"author":[{"embeddable":true,"href":"https:\/\/cccambrils.cat\/ca\/wp-json\/wp\/v2\/users\/1"}],"replies":[{"embeddable":true,"href":"https:\/\/cccambrils.cat\/ca\/wp-json\/wp\/v2\/comments?post=7776"}],"version-history":[{"count":1,"href":"https:\/\/cccambrils.cat\/ca\/wp-json\/wp\/v2\/posts\/7776\/revisions"}],"predecessor-version":[{"id":7777,"href":"https:\/\/cccambrils.cat\/ca\/wp-json\/wp\/v2\/posts\/7776\/revisions\/7777"}],"wp:featuredmedia":[{"embeddable":true,"href":"https:\/\/cccambrils.cat\/ca\/wp-json\/wp\/v2\/media\/7774"}],"wp:attachment":[{"href":"https:\/\/cccambrils.cat\/ca\/wp-json\/wp\/v2\/media?parent=7776"}],"wp:term":[{"taxonomy":"category","embeddable":true,"href":"https:\/\/cccambrils.cat\/ca\/wp-json\/wp\/v2\/categories?post=7776"},{"taxonomy":"post_tag","embeddable":true,"href":"https:\/\/cccambrils.cat\/ca\/wp-json\/wp\/v2\/tags?post=7776"}],"curies":[{"name":"wp","href":"https:\/\/api.w.org\/{rel}","templated":true}]}}