{"id":7769,"date":"2026-04-20T12:49:22","date_gmt":"2026-04-20T10:49:22","guid":{"rendered":"https:\/\/cccambrils.cat\/?p=7769"},"modified":"2026-04-20T12:49:23","modified_gmt":"2026-04-20T10:49:23","slug":"deduccions-renda-2025-2026","status":"publish","type":"post","link":"https:\/\/cccambrils.cat\/ca\/deduccions-renda-2025-2026\/","title":{"rendered":"Les deduccions clau que poden marcar la difer\u00e8ncia a la Renda 2025-2026"},"content":{"rendered":"\n<p>La campanya de la Renda 2025-2026 arriba sense grans canvis estructurals, per\u00f2 amb un ampli ventall de deduccions que poden suposar un estalvi important si s\u2019apliquen correctament. Moltes d\u2019elles continuen sent poc utilitzades, ja sigui per desconeixement o perqu\u00e8 no apareixen autom\u00e0ticament a l\u2019esborrany.<\/p>\n\n\n\n<!--more-->\n\n\n\n<p>A continuaci\u00f3, repassem algunes de les m\u00e9s rellevants que cal tenir en compte abans de presentar la declaraci\u00f3.<\/p>\n\n\n\n<h3 class=\"wp-block-heading\">Incentius per comprar un cotxe el\u00e8ctric<\/h3>\n\n\n\n<p>Un dels avantatges fiscals m\u00e9s destacats est\u00e0 relacionat amb la mobilitat sostenible. Les persones que hagin adquirit un vehicle el\u00e8ctric o instal\u00b7lat un punt de rec\u00e0rrega poden deduir-se un 15% de la despesa, sempre que es compleixin determinats requisits.<\/p>\n\n\n\n<p>La base m\u00e0xima sobre la qual aplicar la deducci\u00f3 \u00e9s de 20.000 euros, amb un l\u00edmit d\u2019estalvi de fins a 3.000 euros. Cal tenir en compte que s\u2019han de descomptar possibles ajudes p\u00fabliques rebudes.<\/p>\n\n\n\n<h3 class=\"wp-block-heading\">Inversi\u00f3 en empreses de nova creaci\u00f3<\/h3>\n\n\n\n<p>Una altra deducci\u00f3 interessant \u2014tot i que menys coneguda\u2014 \u00e9s la destinada a aquells que inverteixen en startups o empreses de recent creaci\u00f3. Permet desgravar fins al 50% de la inversi\u00f3, amb un m\u00e0xim de 100.000 euros.<\/p>\n\n\n\n<p>Es tracta d\u2019un incentiu potent, per\u00f2 amb acc\u00e9s m\u00e9s limitat i habitual entre contribuents amb ingressos elevats.<\/p>\n\n\n\n<h3 class=\"wp-block-heading\">Donacions solid\u00e0ries<\/h3>\n\n\n\n<p>Les aportacions a ONG i entitats sense \u00e0nim de lucre continuen sent una de les formes m\u00e9s accessibles de reduir la factura fiscal.<\/p>\n\n\n\n<p>En aquest cas, es pot deduir el 80% dels primers 250 euros donats. A partir d\u2019aquesta quantitat, el percentatge baixa al 40%, tot i que pot arribar al 45% si es mant\u00e9 la col\u00b7laboraci\u00f3 amb la mateixa entitat durant diversos anys consecutius.<\/p>\n\n\n\n<h3 class=\"wp-block-heading\">Millora de l\u2019efici\u00e8ncia energ\u00e8tica a l\u2019habitatge<\/h3>\n\n\n\n<p>Les reformes a la llar orientades a reduir el consum energ\u00e8tic continuen oferint avantatges fiscals importants.<\/p>\n\n\n\n<p>Segons el tipus d\u2019obra, les deduccions poden oscil\u00b7lar entre el 20% i el 60% de la inversi\u00f3, sempre que es pugui acreditar una millora en l\u2019efici\u00e8ncia energ\u00e8tica mitjan\u00e7ant certificats oficials.<\/p>\n\n\n\n<h3 class=\"wp-block-heading\">Deducci\u00f3 per a rendes m\u00e9s baixes<\/h3>\n\n\n\n<p>Una de les novetats m\u00e9s rellevants \u00e9s la deducci\u00f3 dirigida a contribuents amb ingressos redu\u00efts, especialment aquells propers al salari m\u00ednim.<\/p>\n\n\n\n<p>El benefici pot arribar fins als 340 euros i es redueix progressivament a mesura que augmenten els ingressos.<\/p>\n\n\n\n<h3 class=\"wp-block-heading\">Deduccions auton\u00f2miques: el gran oblidat<\/h3>\n\n\n\n<p>M\u00e9s enll\u00e0 de les mesures estatals, les deduccions auton\u00f2miques tenen un paper clau. Inclouen avantatges per lloguer, despeses sanit\u00e0ries, educaci\u00f3, esport o fins i tot la cura de mascotes, segons la comunitat aut\u00f2noma.<\/p>\n\n\n\n<p>El problema \u00e9s que moltes no apareixen a l\u2019esborrany, de manera que \u00e9s responsabilitat del contribuent revisar-les i afegir-les manualment si compleix els requisits.<\/p>\n\n\n\n<h3 class=\"wp-block-heading\">Un error freq\u00fcent: confiar nom\u00e9s en l\u2019esborrany<\/h3>\n\n\n\n<p>Un dels errors m\u00e9s habituals \u00e9s acceptar l\u2019esborrany sense revisar-lo en profunditat. Aix\u00f2 pot comportar perdre deduccions importants i pagar m\u00e9s del necessari.<\/p>\n\n\n\n<p>Per aix\u00f2, revisar cada apartat i con\u00e8ixer els beneficis fiscals disponibles \u00e9s clau per optimitzar el resultat final.<\/p>\n\n\n\n<hr class=\"wp-block-separator has-alpha-channel-opacity\"\/>\n\n\n\n<h3 class=\"wp-block-heading\">En resum<\/h3>\n\n\n\n<p>La clau per pagar menys a la declaraci\u00f3 no est\u00e0 en grans canvis fiscals, sin\u00f3 en con\u00e8ixer i aplicar correctament les deduccions disponibles. Des d\u2019inversions o donacions fins a reformes de la llar o beneficis auton\u00f2mics, hi ha m\u00faltiples vies per reduir la factura\u2026 sempre que no es passin per alt.<\/p>\n","protected":false},"excerpt":{"rendered":"<p>La campanya de la Renda 2025-2026 arriba sense grans canvis estructurals, per\u00f2 amb un ampli ventall de deduccions que poden suposar un estalvi important si s\u2019apliquen correctament. Moltes d\u2019elles continuen sent poc utilitzades, ja sigui per desconeixement o perqu\u00e8 no apareixen autom\u00e0ticament a l\u2019esborrany.<\/p>\n","protected":false},"author":1,"featured_media":7767,"comment_status":"closed","ping_status":"closed","sticky":false,"template":"","format":"standard","meta":{"footnotes":""},"categories":[24,50],"tags":[86,87,85,97],"class_list":["post-7769","post","type-post","status-publish","format-standard","has-post-thumbnail","hentry","category-compta-clar-ca","category-renda","tag-declaracio-de-la-renda","tag-despeses-deduibles","tag-renda","tag-renda-2025"],"yoast_head":"<!-- This site is optimized with the Yoast SEO plugin v27.5 - https:\/\/yoast.com\/product\/yoast-seo-wordpress\/ -->\n<title>Deduccions Renda 2025-2026: totes les claus per pagar menys a la declaraci\u00f3<\/title>\n<meta name=\"description\" content=\"Descobreix les deduccions de la Renda 2025-2026 que et poden ajudar a estalviar: habitatge, cotxe el\u00e8ctric, donacions i m\u00e9s claus per pagar menys impostos.\" \/>\n<meta name=\"robots\" content=\"index, follow, max-snippet:-1, max-image-preview:large, max-video-preview:-1\" \/>\n<link rel=\"canonical\" href=\"https:\/\/cccambrils.cat\/ca\/deduccions-renda-2025-2026\/\" \/>\n<meta property=\"og:locale\" content=\"ca_ES\" \/>\n<meta property=\"og:type\" content=\"article\" \/>\n<meta property=\"og:title\" content=\"Deduccions Renda 2025-2026: totes les claus per pagar menys a la declaraci\u00f3\" \/>\n<meta property=\"og:description\" content=\"Descobreix les deduccions de la Renda 2025-2026 que et poden ajudar a estalviar: habitatge, cotxe el\u00e8ctric, donacions i m\u00e9s claus per pagar menys impostos.\" \/>\n<meta property=\"og:url\" content=\"https:\/\/cccambrils.cat\/ca\/deduccions-renda-2025-2026\/\" \/>\n<meta property=\"og:site_name\" content=\"Asesor\u00eda Compta-Clar\" \/>\n<meta property=\"article:published_time\" content=\"2026-04-20T10:49:22+00:00\" \/>\n<meta property=\"article:modified_time\" content=\"2026-04-20T10:49:23+00:00\" \/>\n<meta property=\"og:image\" content=\"https:\/\/cccambrils.cat\/wp-content\/uploads\/2026\/04\/deducciones-renta-2025-2026-asesora-clientes.jpg\" \/>\n\t<meta property=\"og:image:width\" content=\"1536\" \/>\n\t<meta property=\"og:image:height\" content=\"1024\" \/>\n\t<meta property=\"og:image:type\" content=\"image\/jpeg\" \/>\n<meta name=\"author\" content=\"Compta Clar\" \/>\n<meta name=\"twitter:card\" content=\"summary_large_image\" \/>\n<meta name=\"twitter:label1\" content=\"Escrit per\" \/>\n\t<meta name=\"twitter:data1\" content=\"Compta Clar\" \/>\n\t<meta name=\"twitter:label2\" content=\"Temps estimat de lectura\" \/>\n\t<meta name=\"twitter:data2\" content=\"3 minuts\" \/>\n<script type=\"application\/ld+json\" class=\"yoast-schema-graph\">{\"@context\":\"https:\\\/\\\/schema.org\",\"@graph\":[{\"@type\":\"Article\",\"@id\":\"https:\\\/\\\/cccambrils.cat\\\/ca\\\/deduccions-renda-2025-2026\\\/#article\",\"isPartOf\":{\"@id\":\"https:\\\/\\\/cccambrils.cat\\\/ca\\\/deduccions-renda-2025-2026\\\/\"},\"author\":{\"name\":\"Compta Clar\",\"@id\":\"https:\\\/\\\/cccambrils.cat\\\/#\\\/schema\\\/person\\\/9902b120a50b716a1ea72a822d13a1d2\"},\"headline\":\"Les deduccions clau que poden marcar la difer\u00e8ncia a la Renda 2025-2026\",\"datePublished\":\"2026-04-20T10:49:22+00:00\",\"dateModified\":\"2026-04-20T10:49:23+00:00\",\"mainEntityOfPage\":{\"@id\":\"https:\\\/\\\/cccambrils.cat\\\/ca\\\/deduccions-renda-2025-2026\\\/\"},\"wordCount\":584,\"publisher\":{\"@id\":\"https:\\\/\\\/cccambrils.cat\\\/#organization\"},\"image\":{\"@id\":\"https:\\\/\\\/cccambrils.cat\\\/ca\\\/deduccions-renda-2025-2026\\\/#primaryimage\"},\"thumbnailUrl\":\"https:\\\/\\\/cccambrils.cat\\\/wp-content\\\/uploads\\\/2026\\\/04\\\/deducciones-renta-2025-2026-asesora-clientes.jpg\",\"keywords\":[\"declaraci\u00f3 de la renda\",\"despeses dedu\u00efbles\",\"renda\",\"renda 2025\"],\"articleSection\":[\"Compta Clar @ca\",\"Renda\"],\"inLanguage\":\"ca\"},{\"@type\":\"WebPage\",\"@id\":\"https:\\\/\\\/cccambrils.cat\\\/ca\\\/deduccions-renda-2025-2026\\\/\",\"url\":\"https:\\\/\\\/cccambrils.cat\\\/ca\\\/deduccions-renda-2025-2026\\\/\",\"name\":\"Deduccions Renda 2025-2026: totes les claus per pagar menys a la declaraci\u00f3\",\"isPartOf\":{\"@id\":\"https:\\\/\\\/cccambrils.cat\\\/#website\"},\"primaryImageOfPage\":{\"@id\":\"https:\\\/\\\/cccambrils.cat\\\/ca\\\/deduccions-renda-2025-2026\\\/#primaryimage\"},\"image\":{\"@id\":\"https:\\\/\\\/cccambrils.cat\\\/ca\\\/deduccions-renda-2025-2026\\\/#primaryimage\"},\"thumbnailUrl\":\"https:\\\/\\\/cccambrils.cat\\\/wp-content\\\/uploads\\\/2026\\\/04\\\/deducciones-renta-2025-2026-asesora-clientes.jpg\",\"datePublished\":\"2026-04-20T10:49:22+00:00\",\"dateModified\":\"2026-04-20T10:49:23+00:00\",\"description\":\"Descobreix les deduccions de la Renda 2025-2026 que et poden ajudar a estalviar: habitatge, cotxe el\u00e8ctric, donacions i m\u00e9s claus per pagar menys impostos.\",\"breadcrumb\":{\"@id\":\"https:\\\/\\\/cccambrils.cat\\\/ca\\\/deduccions-renda-2025-2026\\\/#breadcrumb\"},\"inLanguage\":\"ca\",\"potentialAction\":[{\"@type\":\"ReadAction\",\"target\":[\"https:\\\/\\\/cccambrils.cat\\\/ca\\\/deduccions-renda-2025-2026\\\/\"]}]},{\"@type\":\"ImageObject\",\"inLanguage\":\"ca\",\"@id\":\"https:\\\/\\\/cccambrils.cat\\\/ca\\\/deduccions-renda-2025-2026\\\/#primaryimage\",\"url\":\"https:\\\/\\\/cccambrils.cat\\\/wp-content\\\/uploads\\\/2026\\\/04\\\/deducciones-renta-2025-2026-asesora-clientes.jpg\",\"contentUrl\":\"https:\\\/\\\/cccambrils.cat\\\/wp-content\\\/uploads\\\/2026\\\/04\\\/deducciones-renta-2025-2026-asesora-clientes.jpg\",\"width\":1536,\"height\":1024,\"caption\":\"Gestora asesorando a una pareja sobre deducciones de la renta 2025-2026 en una oficina\"},{\"@type\":\"BreadcrumbList\",\"@id\":\"https:\\\/\\\/cccambrils.cat\\\/ca\\\/deduccions-renda-2025-2026\\\/#breadcrumb\",\"itemListElement\":[{\"@type\":\"ListItem\",\"position\":1,\"name\":\"Portada\",\"item\":\"https:\\\/\\\/cccambrils.cat\\\/ca\\\/\"},{\"@type\":\"ListItem\",\"position\":2,\"name\":\"Les deduccions clau que poden marcar la difer\u00e8ncia a la Renda 2025-2026\"}]},{\"@type\":\"WebSite\",\"@id\":\"https:\\\/\\\/cccambrils.cat\\\/#website\",\"url\":\"https:\\\/\\\/cccambrils.cat\\\/\",\"name\":\"Asesor\u00eda Compta-Clar\",\"description\":\"Asesor\u00eda profesional en Cambrils, Reus y Tarragona\",\"publisher\":{\"@id\":\"https:\\\/\\\/cccambrils.cat\\\/#organization\"},\"potentialAction\":[{\"@type\":\"SearchAction\",\"target\":{\"@type\":\"EntryPoint\",\"urlTemplate\":\"https:\\\/\\\/cccambrils.cat\\\/?s={search_term_string}\"},\"query-input\":{\"@type\":\"PropertyValueSpecification\",\"valueRequired\":true,\"valueName\":\"search_term_string\"}}],\"inLanguage\":\"ca\"},{\"@type\":\"Organization\",\"@id\":\"https:\\\/\\\/cccambrils.cat\\\/#organization\",\"name\":\"Asesor\u00eda Compta-Clar\",\"url\":\"https:\\\/\\\/cccambrils.cat\\\/\",\"logo\":{\"@type\":\"ImageObject\",\"inLanguage\":\"ca\",\"@id\":\"https:\\\/\\\/cccambrils.cat\\\/#\\\/schema\\\/logo\\\/image\\\/\",\"url\":\"\",\"contentUrl\":\"\",\"caption\":\"Asesor\u00eda Compta-Clar\"},\"image\":{\"@id\":\"https:\\\/\\\/cccambrils.cat\\\/#\\\/schema\\\/logo\\\/image\\\/\"}},{\"@type\":\"Person\",\"@id\":\"https:\\\/\\\/cccambrils.cat\\\/#\\\/schema\\\/person\\\/9902b120a50b716a1ea72a822d13a1d2\",\"name\":\"Compta Clar\",\"image\":{\"@type\":\"ImageObject\",\"inLanguage\":\"ca\",\"@id\":\"https:\\\/\\\/secure.gravatar.com\\\/avatar\\\/5d5a70e0d55973c8bac1d128e2e64d8debf58c20003b272166918508e37ceaa2?s=96&d=mm&r=g\",\"url\":\"https:\\\/\\\/secure.gravatar.com\\\/avatar\\\/5d5a70e0d55973c8bac1d128e2e64d8debf58c20003b272166918508e37ceaa2?s=96&d=mm&r=g\",\"contentUrl\":\"https:\\\/\\\/secure.gravatar.com\\\/avatar\\\/5d5a70e0d55973c8bac1d128e2e64d8debf58c20003b272166918508e37ceaa2?s=96&d=mm&r=g\",\"caption\":\"Compta Clar\"}}]}<\/script>\n<!-- \/ Yoast SEO plugin. -->","yoast_head_json":{"title":"Deduccions Renda 2025-2026: totes les claus per pagar menys a la declaraci\u00f3","description":"Descobreix les deduccions de la Renda 2025-2026 que et poden ajudar a estalviar: habitatge, cotxe el\u00e8ctric, donacions i m\u00e9s claus per pagar menys impostos.","robots":{"index":"index","follow":"follow","max-snippet":"max-snippet:-1","max-image-preview":"max-image-preview:large","max-video-preview":"max-video-preview:-1"},"canonical":"https:\/\/cccambrils.cat\/ca\/deduccions-renda-2025-2026\/","og_locale":"ca_ES","og_type":"article","og_title":"Deduccions Renda 2025-2026: totes les claus per pagar menys a la declaraci\u00f3","og_description":"Descobreix les deduccions de la Renda 2025-2026 que et poden ajudar a estalviar: habitatge, cotxe el\u00e8ctric, donacions i m\u00e9s claus per pagar menys impostos.","og_url":"https:\/\/cccambrils.cat\/ca\/deduccions-renda-2025-2026\/","og_site_name":"Asesor\u00eda Compta-Clar","article_published_time":"2026-04-20T10:49:22+00:00","article_modified_time":"2026-04-20T10:49:23+00:00","og_image":[{"width":1536,"height":1024,"url":"https:\/\/cccambrils.cat\/wp-content\/uploads\/2026\/04\/deducciones-renta-2025-2026-asesora-clientes.jpg","type":"image\/jpeg"}],"author":"Compta Clar","twitter_card":"summary_large_image","twitter_misc":{"Escrit per":"Compta Clar","Temps estimat de lectura":"3 minuts"},"schema":{"@context":"https:\/\/schema.org","@graph":[{"@type":"Article","@id":"https:\/\/cccambrils.cat\/ca\/deduccions-renda-2025-2026\/#article","isPartOf":{"@id":"https:\/\/cccambrils.cat\/ca\/deduccions-renda-2025-2026\/"},"author":{"name":"Compta Clar","@id":"https:\/\/cccambrils.cat\/#\/schema\/person\/9902b120a50b716a1ea72a822d13a1d2"},"headline":"Les deduccions clau que poden marcar la difer\u00e8ncia a la Renda 2025-2026","datePublished":"2026-04-20T10:49:22+00:00","dateModified":"2026-04-20T10:49:23+00:00","mainEntityOfPage":{"@id":"https:\/\/cccambrils.cat\/ca\/deduccions-renda-2025-2026\/"},"wordCount":584,"publisher":{"@id":"https:\/\/cccambrils.cat\/#organization"},"image":{"@id":"https:\/\/cccambrils.cat\/ca\/deduccions-renda-2025-2026\/#primaryimage"},"thumbnailUrl":"https:\/\/cccambrils.cat\/wp-content\/uploads\/2026\/04\/deducciones-renta-2025-2026-asesora-clientes.jpg","keywords":["declaraci\u00f3 de la renda","despeses dedu\u00efbles","renda","renda 2025"],"articleSection":["Compta Clar @ca","Renda"],"inLanguage":"ca"},{"@type":"WebPage","@id":"https:\/\/cccambrils.cat\/ca\/deduccions-renda-2025-2026\/","url":"https:\/\/cccambrils.cat\/ca\/deduccions-renda-2025-2026\/","name":"Deduccions Renda 2025-2026: totes les claus per pagar menys a la declaraci\u00f3","isPartOf":{"@id":"https:\/\/cccambrils.cat\/#website"},"primaryImageOfPage":{"@id":"https:\/\/cccambrils.cat\/ca\/deduccions-renda-2025-2026\/#primaryimage"},"image":{"@id":"https:\/\/cccambrils.cat\/ca\/deduccions-renda-2025-2026\/#primaryimage"},"thumbnailUrl":"https:\/\/cccambrils.cat\/wp-content\/uploads\/2026\/04\/deducciones-renta-2025-2026-asesora-clientes.jpg","datePublished":"2026-04-20T10:49:22+00:00","dateModified":"2026-04-20T10:49:23+00:00","description":"Descobreix les deduccions de la Renda 2025-2026 que et poden ajudar a estalviar: habitatge, cotxe el\u00e8ctric, donacions i m\u00e9s claus per pagar menys impostos.","breadcrumb":{"@id":"https:\/\/cccambrils.cat\/ca\/deduccions-renda-2025-2026\/#breadcrumb"},"inLanguage":"ca","potentialAction":[{"@type":"ReadAction","target":["https:\/\/cccambrils.cat\/ca\/deduccions-renda-2025-2026\/"]}]},{"@type":"ImageObject","inLanguage":"ca","@id":"https:\/\/cccambrils.cat\/ca\/deduccions-renda-2025-2026\/#primaryimage","url":"https:\/\/cccambrils.cat\/wp-content\/uploads\/2026\/04\/deducciones-renta-2025-2026-asesora-clientes.jpg","contentUrl":"https:\/\/cccambrils.cat\/wp-content\/uploads\/2026\/04\/deducciones-renta-2025-2026-asesora-clientes.jpg","width":1536,"height":1024,"caption":"Gestora asesorando a una pareja sobre deducciones de la renta 2025-2026 en una oficina"},{"@type":"BreadcrumbList","@id":"https:\/\/cccambrils.cat\/ca\/deduccions-renda-2025-2026\/#breadcrumb","itemListElement":[{"@type":"ListItem","position":1,"name":"Portada","item":"https:\/\/cccambrils.cat\/ca\/"},{"@type":"ListItem","position":2,"name":"Les deduccions clau que poden marcar la difer\u00e8ncia a la Renda 2025-2026"}]},{"@type":"WebSite","@id":"https:\/\/cccambrils.cat\/#website","url":"https:\/\/cccambrils.cat\/","name":"Asesor\u00eda Compta-Clar","description":"Asesor\u00eda profesional en Cambrils, Reus y Tarragona","publisher":{"@id":"https:\/\/cccambrils.cat\/#organization"},"potentialAction":[{"@type":"SearchAction","target":{"@type":"EntryPoint","urlTemplate":"https:\/\/cccambrils.cat\/?s={search_term_string}"},"query-input":{"@type":"PropertyValueSpecification","valueRequired":true,"valueName":"search_term_string"}}],"inLanguage":"ca"},{"@type":"Organization","@id":"https:\/\/cccambrils.cat\/#organization","name":"Asesor\u00eda Compta-Clar","url":"https:\/\/cccambrils.cat\/","logo":{"@type":"ImageObject","inLanguage":"ca","@id":"https:\/\/cccambrils.cat\/#\/schema\/logo\/image\/","url":"","contentUrl":"","caption":"Asesor\u00eda Compta-Clar"},"image":{"@id":"https:\/\/cccambrils.cat\/#\/schema\/logo\/image\/"}},{"@type":"Person","@id":"https:\/\/cccambrils.cat\/#\/schema\/person\/9902b120a50b716a1ea72a822d13a1d2","name":"Compta Clar","image":{"@type":"ImageObject","inLanguage":"ca","@id":"https:\/\/secure.gravatar.com\/avatar\/5d5a70e0d55973c8bac1d128e2e64d8debf58c20003b272166918508e37ceaa2?s=96&d=mm&r=g","url":"https:\/\/secure.gravatar.com\/avatar\/5d5a70e0d55973c8bac1d128e2e64d8debf58c20003b272166918508e37ceaa2?s=96&d=mm&r=g","contentUrl":"https:\/\/secure.gravatar.com\/avatar\/5d5a70e0d55973c8bac1d128e2e64d8debf58c20003b272166918508e37ceaa2?s=96&d=mm&r=g","caption":"Compta Clar"}}]}},"_links":{"self":[{"href":"https:\/\/cccambrils.cat\/ca\/wp-json\/wp\/v2\/posts\/7769","targetHints":{"allow":["GET"]}}],"collection":[{"href":"https:\/\/cccambrils.cat\/ca\/wp-json\/wp\/v2\/posts"}],"about":[{"href":"https:\/\/cccambrils.cat\/ca\/wp-json\/wp\/v2\/types\/post"}],"author":[{"embeddable":true,"href":"https:\/\/cccambrils.cat\/ca\/wp-json\/wp\/v2\/users\/1"}],"replies":[{"embeddable":true,"href":"https:\/\/cccambrils.cat\/ca\/wp-json\/wp\/v2\/comments?post=7769"}],"version-history":[{"count":1,"href":"https:\/\/cccambrils.cat\/ca\/wp-json\/wp\/v2\/posts\/7769\/revisions"}],"predecessor-version":[{"id":7770,"href":"https:\/\/cccambrils.cat\/ca\/wp-json\/wp\/v2\/posts\/7769\/revisions\/7770"}],"wp:featuredmedia":[{"embeddable":true,"href":"https:\/\/cccambrils.cat\/ca\/wp-json\/wp\/v2\/media\/7767"}],"wp:attachment":[{"href":"https:\/\/cccambrils.cat\/ca\/wp-json\/wp\/v2\/media?parent=7769"}],"wp:term":[{"taxonomy":"category","embeddable":true,"href":"https:\/\/cccambrils.cat\/ca\/wp-json\/wp\/v2\/categories?post=7769"},{"taxonomy":"post_tag","embeddable":true,"href":"https:\/\/cccambrils.cat\/ca\/wp-json\/wp\/v2\/tags?post=7769"}],"curies":[{"name":"wp","href":"https:\/\/api.w.org\/{rel}","templated":true}]}}