{"id":7763,"date":"2026-04-16T10:08:52","date_gmt":"2026-04-16T08:08:52","guid":{"rendered":"https:\/\/cccambrils.cat\/?p=7763"},"modified":"2026-04-16T10:08:54","modified_gmt":"2026-04-16T08:08:54","slug":"tributacio-lloguer-renda-2025","status":"publish","type":"post","link":"https:\/\/cccambrils.cat\/ca\/tributacio-lloguer-renda-2025\/","title":{"rendered":"Guia de la Renda 2025: Els ingressos pel lloguer d\u2019habitatge milloren el tractament fiscal"},"content":{"rendered":"\n<p>Els ingressos obtinguts pel lloguer d\u2019un habitatge continuen considerant-se rendiments del capital immobiliari a l\u2019IRPF. No obstant aix\u00f2, a la campanya de la Renda 2025 s\u2019han introdu\u00eft millores rellevants en el seu tractament fiscal que poden suposar un estalvi important per als propietaris.<\/p>\n\n\n\n<!--more-->\n\n\n\n<p><strong>Qu\u00e8 es declara exactament<\/strong><\/p>\n\n\n\n<p>Quan un contribuent lloga un habitatge, ha de declarar els ingressos obtinguts restant pr\u00e8viament totes les despeses necess\u00e0ries per generar aquest rendiment. Entre aquestes s\u2019inclouen conceptes com impostos, despeses de comunitat, assegurances, reparacions o l\u2019amortitzaci\u00f3 de l\u2019immoble.<\/p>\n\n\n\n<p>El resultat \u00e9s l\u2019anomenat rendiment net, sobre el qual posteriorment s\u2019apliquen determinades reduccions fiscals.<\/p>\n\n\n\n<p><strong>Reducci\u00f3 general del 50%<\/strong><\/p>\n\n\n\n<p>Com a norma general, Hisenda permet aplicar una reducci\u00f3 del 50% sobre el rendiment net obtingut pel lloguer d\u2019habitatge habitual. Aix\u00f2 significa que nom\u00e9s la meitat d\u2019aquest benefici tributa efectivament a l\u2019IRPF.<\/p>\n\n\n\n<p><strong>Noves reduccions m\u00e9s favorables<\/strong><\/p>\n\n\n\n<p>La normativa introdueix incentius addicionals que poden augmentar significativament aquest percentatge de reducci\u00f3 en determinats casos:<\/p>\n\n\n\n<p>Fins al 90% de reducci\u00f3: quan es formalitzi un nou contracte en una zona declarada tensionada i el preu del lloguer es redueixi almenys un 5% respecte al contracte anterior.<\/p>\n\n\n\n<p>Reducci\u00f3 del 70%: si es lloga per primera vegada un habitatge en una zona tensionada a llogaters joves.<\/p>\n\n\n\n<p>Altres situacions espec\u00edfiques tamb\u00e9 poden donar lloc a reduccions interm\u00e8dies, en funci\u00f3 de les condicions del lloguer.<\/p>\n\n\n\n<p><strong>Objectiu d\u2019aquests incentius<\/strong><\/p>\n\n\n\n<p>Aquestes millores fiscals busquen fomentar l\u2019acc\u00e9s a l\u2019habitatge de lloguer, especialment en zones on l\u2019oferta \u00e9s limitada i els preus han augmentat de manera significativa. Al mateix temps, es pret\u00e9n incentivar els propietaris a ajustar els preus i facilitar el lloguer a col\u00b7lectius com els joves.<\/p>\n\n\n\n<p><strong>Un aspecte clau en la declaraci\u00f3<\/strong><\/p>\n\n\n\n<p>\u00c9s important recordar que aquests rendiments no s\u2019integren a la base de l\u2019estalvi, sin\u00f3 a la base general de l\u2019IRPF, cosa que implica que tributen segons els trams progressius de l\u2019impost. Tot i aix\u00ed, gr\u00e0cies a les reduccions aplicables, la c\u00e0rrega fiscal final es pot reduir de manera considerable.<\/p>\n","protected":false},"excerpt":{"rendered":"<p>Els ingressos obtinguts pel lloguer d\u2019un habitatge continuen considerant-se rendiments del capital immobiliari a l\u2019IRPF. No obstant aix\u00f2, a la campanya de la Renda 2025 s\u2019han introdu\u00eft millores rellevants en el seu tractament fiscal que poden suposar un estalvi important per als propietaris.<\/p>\n","protected":false},"author":1,"featured_media":7762,"comment_status":"closed","ping_status":"closed","sticky":false,"template":"","format":"standard","meta":{"footnotes":""},"categories":[24,50],"tags":[91,118,97,119],"class_list":["post-7763","post","type-post","status-publish","format-standard","has-post-thumbnail","hentry","category-compta-clar-ca","category-renda","tag-irpf","tag-lloguer-dhabitatge","tag-renda-2025","tag-tributacio-del-lloguer"],"yoast_head":"<!-- This site is optimized with the Yoast SEO plugin v27.5 - https:\/\/yoast.com\/product\/yoast-seo-wordpress\/ -->\n<title>Tributaci\u00f3 del lloguer a la Renda 2025: reduccions i avantatges fiscals<\/title>\n<meta name=\"description\" content=\"Descobreix com tributen els ingressos pel lloguer a la Renda 2025, quines despeses pots deduir i les noves reduccions fiscals de fins al 90%.\" \/>\n<meta name=\"robots\" content=\"index, follow, max-snippet:-1, max-image-preview:large, max-video-preview:-1\" \/>\n<link rel=\"canonical\" href=\"https:\/\/cccambrils.cat\/ca\/tributacio-lloguer-renda-2025\/\" \/>\n<meta property=\"og:locale\" content=\"ca_ES\" \/>\n<meta property=\"og:type\" content=\"article\" \/>\n<meta property=\"og:title\" content=\"Tributaci\u00f3 del lloguer a la Renda 2025: reduccions i avantatges fiscals\" \/>\n<meta property=\"og:description\" content=\"Descobreix com tributen els ingressos pel lloguer a la Renda 2025, quines despeses pots deduir i les noves reduccions fiscals de fins al 90%.\" \/>\n<meta property=\"og:url\" content=\"https:\/\/cccambrils.cat\/ca\/tributacio-lloguer-renda-2025\/\" \/>\n<meta property=\"og:site_name\" content=\"Asesor\u00eda Compta-Clar\" \/>\n<meta property=\"article:published_time\" content=\"2026-04-16T08:08:52+00:00\" \/>\n<meta property=\"article:modified_time\" content=\"2026-04-16T08:08:54+00:00\" \/>\n<meta property=\"og:image\" content=\"https:\/\/cccambrils.cat\/wp-content\/uploads\/2026\/04\/asesoria-renta-2025.jpg\" \/>\n\t<meta property=\"og:image:width\" content=\"1536\" \/>\n\t<meta property=\"og:image:height\" content=\"1024\" \/>\n\t<meta property=\"og:image:type\" content=\"image\/jpeg\" \/>\n<meta name=\"author\" content=\"Compta Clar\" \/>\n<meta name=\"twitter:card\" content=\"summary_large_image\" \/>\n<meta name=\"twitter:label1\" content=\"Escrit per\" \/>\n\t<meta name=\"twitter:data1\" content=\"Compta Clar\" \/>\n\t<meta name=\"twitter:label2\" content=\"Temps estimat de lectura\" \/>\n\t<meta name=\"twitter:data2\" content=\"2 minuts\" \/>\n<script type=\"application\/ld+json\" class=\"yoast-schema-graph\">{\"@context\":\"https:\\\/\\\/schema.org\",\"@graph\":[{\"@type\":\"Article\",\"@id\":\"https:\\\/\\\/cccambrils.cat\\\/ca\\\/tributacio-lloguer-renda-2025\\\/#article\",\"isPartOf\":{\"@id\":\"https:\\\/\\\/cccambrils.cat\\\/ca\\\/tributacio-lloguer-renda-2025\\\/\"},\"author\":{\"name\":\"Compta Clar\",\"@id\":\"https:\\\/\\\/cccambrils.cat\\\/#\\\/schema\\\/person\\\/9902b120a50b716a1ea72a822d13a1d2\"},\"headline\":\"Guia de la Renda 2025: Els ingressos pel lloguer d\u2019habitatge milloren el tractament fiscal\",\"datePublished\":\"2026-04-16T08:08:52+00:00\",\"dateModified\":\"2026-04-16T08:08:54+00:00\",\"mainEntityOfPage\":{\"@id\":\"https:\\\/\\\/cccambrils.cat\\\/ca\\\/tributacio-lloguer-renda-2025\\\/\"},\"wordCount\":362,\"publisher\":{\"@id\":\"https:\\\/\\\/cccambrils.cat\\\/#organization\"},\"image\":{\"@id\":\"https:\\\/\\\/cccambrils.cat\\\/ca\\\/tributacio-lloguer-renda-2025\\\/#primaryimage\"},\"thumbnailUrl\":\"https:\\\/\\\/cccambrils.cat\\\/wp-content\\\/uploads\\\/2026\\\/04\\\/asesoria-renta-2025.jpg\",\"keywords\":[\"IRPF\",\"lloguer d'habitatge\",\"renda 2025\",\"tributaci\u00f3 del lloguer\"],\"articleSection\":[\"Compta Clar @ca\",\"Renda\"],\"inLanguage\":\"ca\"},{\"@type\":\"WebPage\",\"@id\":\"https:\\\/\\\/cccambrils.cat\\\/ca\\\/tributacio-lloguer-renda-2025\\\/\",\"url\":\"https:\\\/\\\/cccambrils.cat\\\/ca\\\/tributacio-lloguer-renda-2025\\\/\",\"name\":\"Tributaci\u00f3 del lloguer a la Renda 2025: reduccions i avantatges fiscals\",\"isPartOf\":{\"@id\":\"https:\\\/\\\/cccambrils.cat\\\/#website\"},\"primaryImageOfPage\":{\"@id\":\"https:\\\/\\\/cccambrils.cat\\\/ca\\\/tributacio-lloguer-renda-2025\\\/#primaryimage\"},\"image\":{\"@id\":\"https:\\\/\\\/cccambrils.cat\\\/ca\\\/tributacio-lloguer-renda-2025\\\/#primaryimage\"},\"thumbnailUrl\":\"https:\\\/\\\/cccambrils.cat\\\/wp-content\\\/uploads\\\/2026\\\/04\\\/asesoria-renta-2025.jpg\",\"datePublished\":\"2026-04-16T08:08:52+00:00\",\"dateModified\":\"2026-04-16T08:08:54+00:00\",\"description\":\"Descobreix com tributen els ingressos pel lloguer a la Renda 2025, quines despeses pots deduir i les noves reduccions fiscals de fins al 90%.\",\"breadcrumb\":{\"@id\":\"https:\\\/\\\/cccambrils.cat\\\/ca\\\/tributacio-lloguer-renda-2025\\\/#breadcrumb\"},\"inLanguage\":\"ca\",\"potentialAction\":[{\"@type\":\"ReadAction\",\"target\":[\"https:\\\/\\\/cccambrils.cat\\\/ca\\\/tributacio-lloguer-renda-2025\\\/\"]}]},{\"@type\":\"ImageObject\",\"inLanguage\":\"ca\",\"@id\":\"https:\\\/\\\/cccambrils.cat\\\/ca\\\/tributacio-lloguer-renda-2025\\\/#primaryimage\",\"url\":\"https:\\\/\\\/cccambrils.cat\\\/wp-content\\\/uploads\\\/2026\\\/04\\\/asesoria-renta-2025.jpg\",\"contentUrl\":\"https:\\\/\\\/cccambrils.cat\\\/wp-content\\\/uploads\\\/2026\\\/04\\\/asesoria-renta-2025.jpg\",\"width\":1536,\"height\":1024,\"caption\":\"Cliente reunido con asesora fiscal revisando documentos de la declaraci\u00f3n de la renta en una oficina\"},{\"@type\":\"BreadcrumbList\",\"@id\":\"https:\\\/\\\/cccambrils.cat\\\/ca\\\/tributacio-lloguer-renda-2025\\\/#breadcrumb\",\"itemListElement\":[{\"@type\":\"ListItem\",\"position\":1,\"name\":\"Portada\",\"item\":\"https:\\\/\\\/cccambrils.cat\\\/ca\\\/\"},{\"@type\":\"ListItem\",\"position\":2,\"name\":\"Guia de la Renda 2025: Els ingressos pel lloguer d\u2019habitatge milloren el tractament fiscal\"}]},{\"@type\":\"WebSite\",\"@id\":\"https:\\\/\\\/cccambrils.cat\\\/#website\",\"url\":\"https:\\\/\\\/cccambrils.cat\\\/\",\"name\":\"Asesor\u00eda Compta-Clar\",\"description\":\"Asesor\u00eda profesional en Cambrils, Reus y Tarragona\",\"publisher\":{\"@id\":\"https:\\\/\\\/cccambrils.cat\\\/#organization\"},\"potentialAction\":[{\"@type\":\"SearchAction\",\"target\":{\"@type\":\"EntryPoint\",\"urlTemplate\":\"https:\\\/\\\/cccambrils.cat\\\/?s={search_term_string}\"},\"query-input\":{\"@type\":\"PropertyValueSpecification\",\"valueRequired\":true,\"valueName\":\"search_term_string\"}}],\"inLanguage\":\"ca\"},{\"@type\":\"Organization\",\"@id\":\"https:\\\/\\\/cccambrils.cat\\\/#organization\",\"name\":\"Asesor\u00eda Compta-Clar\",\"url\":\"https:\\\/\\\/cccambrils.cat\\\/\",\"logo\":{\"@type\":\"ImageObject\",\"inLanguage\":\"ca\",\"@id\":\"https:\\\/\\\/cccambrils.cat\\\/#\\\/schema\\\/logo\\\/image\\\/\",\"url\":\"\",\"contentUrl\":\"\",\"caption\":\"Asesor\u00eda Compta-Clar\"},\"image\":{\"@id\":\"https:\\\/\\\/cccambrils.cat\\\/#\\\/schema\\\/logo\\\/image\\\/\"}},{\"@type\":\"Person\",\"@id\":\"https:\\\/\\\/cccambrils.cat\\\/#\\\/schema\\\/person\\\/9902b120a50b716a1ea72a822d13a1d2\",\"name\":\"Compta Clar\",\"image\":{\"@type\":\"ImageObject\",\"inLanguage\":\"ca\",\"@id\":\"https:\\\/\\\/secure.gravatar.com\\\/avatar\\\/5d5a70e0d55973c8bac1d128e2e64d8debf58c20003b272166918508e37ceaa2?s=96&d=mm&r=g\",\"url\":\"https:\\\/\\\/secure.gravatar.com\\\/avatar\\\/5d5a70e0d55973c8bac1d128e2e64d8debf58c20003b272166918508e37ceaa2?s=96&d=mm&r=g\",\"contentUrl\":\"https:\\\/\\\/secure.gravatar.com\\\/avatar\\\/5d5a70e0d55973c8bac1d128e2e64d8debf58c20003b272166918508e37ceaa2?s=96&d=mm&r=g\",\"caption\":\"Compta Clar\"}}]}<\/script>\n<!-- \/ Yoast SEO plugin. -->","yoast_head_json":{"title":"Tributaci\u00f3 del lloguer a la Renda 2025: reduccions i avantatges fiscals","description":"Descobreix com tributen els ingressos pel lloguer a la Renda 2025, quines despeses pots deduir i les noves reduccions fiscals de fins al 90%.","robots":{"index":"index","follow":"follow","max-snippet":"max-snippet:-1","max-image-preview":"max-image-preview:large","max-video-preview":"max-video-preview:-1"},"canonical":"https:\/\/cccambrils.cat\/ca\/tributacio-lloguer-renda-2025\/","og_locale":"ca_ES","og_type":"article","og_title":"Tributaci\u00f3 del lloguer a la Renda 2025: reduccions i avantatges fiscals","og_description":"Descobreix com tributen els ingressos pel lloguer a la Renda 2025, quines despeses pots deduir i les noves reduccions fiscals de fins al 90%.","og_url":"https:\/\/cccambrils.cat\/ca\/tributacio-lloguer-renda-2025\/","og_site_name":"Asesor\u00eda Compta-Clar","article_published_time":"2026-04-16T08:08:52+00:00","article_modified_time":"2026-04-16T08:08:54+00:00","og_image":[{"width":1536,"height":1024,"url":"https:\/\/cccambrils.cat\/wp-content\/uploads\/2026\/04\/asesoria-renta-2025.jpg","type":"image\/jpeg"}],"author":"Compta Clar","twitter_card":"summary_large_image","twitter_misc":{"Escrit per":"Compta Clar","Temps estimat de lectura":"2 minuts"},"schema":{"@context":"https:\/\/schema.org","@graph":[{"@type":"Article","@id":"https:\/\/cccambrils.cat\/ca\/tributacio-lloguer-renda-2025\/#article","isPartOf":{"@id":"https:\/\/cccambrils.cat\/ca\/tributacio-lloguer-renda-2025\/"},"author":{"name":"Compta Clar","@id":"https:\/\/cccambrils.cat\/#\/schema\/person\/9902b120a50b716a1ea72a822d13a1d2"},"headline":"Guia de la Renda 2025: Els ingressos pel lloguer d\u2019habitatge milloren el tractament fiscal","datePublished":"2026-04-16T08:08:52+00:00","dateModified":"2026-04-16T08:08:54+00:00","mainEntityOfPage":{"@id":"https:\/\/cccambrils.cat\/ca\/tributacio-lloguer-renda-2025\/"},"wordCount":362,"publisher":{"@id":"https:\/\/cccambrils.cat\/#organization"},"image":{"@id":"https:\/\/cccambrils.cat\/ca\/tributacio-lloguer-renda-2025\/#primaryimage"},"thumbnailUrl":"https:\/\/cccambrils.cat\/wp-content\/uploads\/2026\/04\/asesoria-renta-2025.jpg","keywords":["IRPF","lloguer d'habitatge","renda 2025","tributaci\u00f3 del lloguer"],"articleSection":["Compta Clar @ca","Renda"],"inLanguage":"ca"},{"@type":"WebPage","@id":"https:\/\/cccambrils.cat\/ca\/tributacio-lloguer-renda-2025\/","url":"https:\/\/cccambrils.cat\/ca\/tributacio-lloguer-renda-2025\/","name":"Tributaci\u00f3 del lloguer a la Renda 2025: reduccions i avantatges fiscals","isPartOf":{"@id":"https:\/\/cccambrils.cat\/#website"},"primaryImageOfPage":{"@id":"https:\/\/cccambrils.cat\/ca\/tributacio-lloguer-renda-2025\/#primaryimage"},"image":{"@id":"https:\/\/cccambrils.cat\/ca\/tributacio-lloguer-renda-2025\/#primaryimage"},"thumbnailUrl":"https:\/\/cccambrils.cat\/wp-content\/uploads\/2026\/04\/asesoria-renta-2025.jpg","datePublished":"2026-04-16T08:08:52+00:00","dateModified":"2026-04-16T08:08:54+00:00","description":"Descobreix com tributen els ingressos pel lloguer a la Renda 2025, quines despeses pots deduir i les noves reduccions fiscals de fins al 90%.","breadcrumb":{"@id":"https:\/\/cccambrils.cat\/ca\/tributacio-lloguer-renda-2025\/#breadcrumb"},"inLanguage":"ca","potentialAction":[{"@type":"ReadAction","target":["https:\/\/cccambrils.cat\/ca\/tributacio-lloguer-renda-2025\/"]}]},{"@type":"ImageObject","inLanguage":"ca","@id":"https:\/\/cccambrils.cat\/ca\/tributacio-lloguer-renda-2025\/#primaryimage","url":"https:\/\/cccambrils.cat\/wp-content\/uploads\/2026\/04\/asesoria-renta-2025.jpg","contentUrl":"https:\/\/cccambrils.cat\/wp-content\/uploads\/2026\/04\/asesoria-renta-2025.jpg","width":1536,"height":1024,"caption":"Cliente reunido con asesora fiscal revisando documentos de la declaraci\u00f3n de la renta en una oficina"},{"@type":"BreadcrumbList","@id":"https:\/\/cccambrils.cat\/ca\/tributacio-lloguer-renda-2025\/#breadcrumb","itemListElement":[{"@type":"ListItem","position":1,"name":"Portada","item":"https:\/\/cccambrils.cat\/ca\/"},{"@type":"ListItem","position":2,"name":"Guia de la Renda 2025: Els ingressos pel lloguer d\u2019habitatge milloren el tractament fiscal"}]},{"@type":"WebSite","@id":"https:\/\/cccambrils.cat\/#website","url":"https:\/\/cccambrils.cat\/","name":"Asesor\u00eda Compta-Clar","description":"Asesor\u00eda profesional en Cambrils, Reus y Tarragona","publisher":{"@id":"https:\/\/cccambrils.cat\/#organization"},"potentialAction":[{"@type":"SearchAction","target":{"@type":"EntryPoint","urlTemplate":"https:\/\/cccambrils.cat\/?s={search_term_string}"},"query-input":{"@type":"PropertyValueSpecification","valueRequired":true,"valueName":"search_term_string"}}],"inLanguage":"ca"},{"@type":"Organization","@id":"https:\/\/cccambrils.cat\/#organization","name":"Asesor\u00eda Compta-Clar","url":"https:\/\/cccambrils.cat\/","logo":{"@type":"ImageObject","inLanguage":"ca","@id":"https:\/\/cccambrils.cat\/#\/schema\/logo\/image\/","url":"","contentUrl":"","caption":"Asesor\u00eda Compta-Clar"},"image":{"@id":"https:\/\/cccambrils.cat\/#\/schema\/logo\/image\/"}},{"@type":"Person","@id":"https:\/\/cccambrils.cat\/#\/schema\/person\/9902b120a50b716a1ea72a822d13a1d2","name":"Compta Clar","image":{"@type":"ImageObject","inLanguage":"ca","@id":"https:\/\/secure.gravatar.com\/avatar\/5d5a70e0d55973c8bac1d128e2e64d8debf58c20003b272166918508e37ceaa2?s=96&d=mm&r=g","url":"https:\/\/secure.gravatar.com\/avatar\/5d5a70e0d55973c8bac1d128e2e64d8debf58c20003b272166918508e37ceaa2?s=96&d=mm&r=g","contentUrl":"https:\/\/secure.gravatar.com\/avatar\/5d5a70e0d55973c8bac1d128e2e64d8debf58c20003b272166918508e37ceaa2?s=96&d=mm&r=g","caption":"Compta Clar"}}]}},"_links":{"self":[{"href":"https:\/\/cccambrils.cat\/ca\/wp-json\/wp\/v2\/posts\/7763","targetHints":{"allow":["GET"]}}],"collection":[{"href":"https:\/\/cccambrils.cat\/ca\/wp-json\/wp\/v2\/posts"}],"about":[{"href":"https:\/\/cccambrils.cat\/ca\/wp-json\/wp\/v2\/types\/post"}],"author":[{"embeddable":true,"href":"https:\/\/cccambrils.cat\/ca\/wp-json\/wp\/v2\/users\/1"}],"replies":[{"embeddable":true,"href":"https:\/\/cccambrils.cat\/ca\/wp-json\/wp\/v2\/comments?post=7763"}],"version-history":[{"count":1,"href":"https:\/\/cccambrils.cat\/ca\/wp-json\/wp\/v2\/posts\/7763\/revisions"}],"predecessor-version":[{"id":7764,"href":"https:\/\/cccambrils.cat\/ca\/wp-json\/wp\/v2\/posts\/7763\/revisions\/7764"}],"wp:featuredmedia":[{"embeddable":true,"href":"https:\/\/cccambrils.cat\/ca\/wp-json\/wp\/v2\/media\/7762"}],"wp:attachment":[{"href":"https:\/\/cccambrils.cat\/ca\/wp-json\/wp\/v2\/media?parent=7763"}],"wp:term":[{"taxonomy":"category","embeddable":true,"href":"https:\/\/cccambrils.cat\/ca\/wp-json\/wp\/v2\/categories?post=7763"},{"taxonomy":"post_tag","embeddable":true,"href":"https:\/\/cccambrils.cat\/ca\/wp-json\/wp\/v2\/tags?post=7763"}],"curies":[{"name":"wp","href":"https:\/\/api.w.org\/{rel}","templated":true}]}}