{"id":7756,"date":"2026-04-14T09:20:05","date_gmt":"2026-04-14T07:20:05","guid":{"rendered":"https:\/\/cccambrils.cat\/?p=7756"},"modified":"2026-04-14T09:20:07","modified_gmt":"2026-04-14T07:20:07","slug":"iva-franquiciat-autonoms-espanya","status":"publish","type":"post","link":"https:\/\/cccambrils.cat\/ca\/iva-franquiciat-autonoms-espanya\/","title":{"rendered":"Nou sistema d\u2019IVA per a aut\u00f2noms: claus per decidir si et conv\u00e9"},"content":{"rendered":"\n<p>Espanya es prepara per introduir un canvi rellevant en la fiscalitat dels aut\u00f2noms: la possible implantaci\u00f3 de l\u2019anomenat IVA franquiciat, un model ja habitual en altres pa\u00efsos de la Uni\u00f3 Europea. Aquesta mesura permetria a determinats professionals simplificar la seva relaci\u00f3 amb Hisenda, tot i que no en tots els casos resulta beneficiosa.<\/p>\n\n\n\n<!--more-->\n\n\n\n<p><strong>En qu\u00e8 consisteix l\u2019IVA franquiciat?<\/strong><\/p>\n\n\n\n<p>El nou sistema est\u00e0 pensat per a aut\u00f2noms amb una facturaci\u00f3 anual inferior a 85.000 euros. Qui s\u2019aculli a aquest r\u00e8gim deixar\u00e0 d\u2019incloure l\u2019IVA a les seves factures, fet que implica tamb\u00e9 una reducci\u00f3 significativa de les seves obligacions fiscals.<\/p>\n\n\n\n<p>A la pr\u00e0ctica, aix\u00f2 suposa eliminar la presentaci\u00f3 de declaracions trimestrals d\u2019IVA i substituir-les per un control molt m\u00e9s senzill, generalment mitjan\u00e7ant una comunicaci\u00f3 anual. L\u2019objectiu \u00e9s reduir la c\u00e0rrega administrativa i facilitar la gesti\u00f3 del negoci.<\/p>\n\n\n\n<p><strong>Avantatges: menys burocr\u00e0cia i m\u00e9s simplicitat<\/strong><\/p>\n\n\n\n<p>Un dels principals atractius d\u2019aquest model \u00e9s l\u2019estalvi de temps i costos en la gesti\u00f3 fiscal. En desapar\u00e8ixer les liquidacions peri\u00f2diques, molts aut\u00f2noms podrien prescindir de serveis d\u2019assessoria o simplificar la seva comptabilitat.<\/p>\n\n\n\n<p>A m\u00e9s, per a qui treballa amb clients particulars, no repercutir l\u2019IVA pot traduir-se en preus m\u00e9s competitius o en un marge de benefici m\u00e9s alt, ja que el client final no es pot deduir aquest impost.<\/p>\n\n\n\n<p><strong>Inconvenients: no sempre compensa<\/strong><\/p>\n\n\n\n<p>Tanmateix, aquest sistema tamb\u00e9 t\u00e9 la seva cara menys favorable. En no aplicar IVA a les factures, l\u2019aut\u00f2nom tampoc podr\u00e0 deduir-se l\u2019IVA suportat en les seves despeses.<\/p>\n\n\n\n<p>Aix\u00f2 pot suposar un problema important en activitats que requereixen inversions freq\u00fcents o tenen costos elevats, com la compra de materials, lloguers o equipament. En aquests casos, l\u2019estalvi administratiu podria veure\u2019s superat per l\u2019augment de les despeses reals.<\/p>\n\n\n\n<p><strong>Factors clau abans de prendre una decisi\u00f3<\/strong><\/p>\n\n\n\n<p>Abans d\u2019acollir-se a l\u2019IVA franquiciat, \u00e9s fonamental analitzar diversos aspectes:<\/p>\n\n\n\n<ul class=\"wp-block-list\">\n<li><strong>Nivell de despeses:<\/strong> si el negoci t\u00e9 molts costos amb IVA, perdre la deducci\u00f3 pot afectar seriosament la rendibilitat.<\/li>\n\n\n\n<li><strong>Tipus de client:<\/strong> el sistema resulta m\u00e9s interessant si es treballa amb particulars, per\u00f2 perd atractiu quan els clients s\u00f3n empreses (ja que aquestes s\u00ed que poden deduir-se l\u2019IVA).<\/li>\n\n\n\n<li><strong>Volum de facturaci\u00f3:<\/strong> el l\u00edmit d\u2019ingressos obliga a controlar el creixement del negoci per no superar el llindar establert.<\/li>\n\n\n\n<li><strong>Previsi\u00f3 d\u2019inversions:<\/strong> si es planegen compres importants, pot ser m\u00e9s convenient mantenir-se en el r\u00e8gim general.<\/li>\n<\/ul>\n\n\n\n<p><strong>Una decisi\u00f3 que dep\u00e8n de cada cas<\/strong><\/p>\n\n\n\n<p>L\u2019IVA franquiciat no ser\u00e0 obligatori, de manera que cada aut\u00f2nom podr\u00e0 escollir si s\u2019hi acull o no. La clau \u00e9s fer n\u00fameros: comparar quant IVA es paga actualment, quant es dedueix i quin impacte real tindria el canvi.<\/p>\n\n\n\n<p>En definitiva, aquesta mesura pot suposar un alleujament per a alguns professionals, especialment aquells amb estructures de costos redu\u00efdes, per\u00f2 no \u00e9s una soluci\u00f3 universal. Analitzar b\u00e9 cada situaci\u00f3 ser\u00e0 essencial per evitar que una simplificaci\u00f3 aparent acabi encarint l\u2019activitat.<\/p>\n","protected":false},"excerpt":{"rendered":"<p>Espanya es prepara per introduir un canvi rellevant en la fiscalitat dels aut\u00f2noms: la possible implantaci\u00f3 de l\u2019anomenat IVA franquiciat, un model ja habitual en altres pa\u00efsos de la Uni\u00f3 Europea. Aquesta mesura permetria a determinats professionals simplificar la seva relaci\u00f3 amb Hisenda, tot i que no en tots els<\/p>\n","protected":false},"author":1,"featured_media":7754,"comment_status":"closed","ping_status":"closed","sticky":false,"template":"","format":"standard","meta":{"footnotes":""},"categories":[44,70],"tags":[105,112,114],"class_list":["post-7756","post","type-post","status-publish","format-standard","has-post-thumbnail","hentry","category-autonomos-ca","category-fiscal-2","tag-autonoms","tag-iva-2026-2","tag-iva-franquiciat"],"yoast_head":"<!-- This site is optimized with the Yoast SEO plugin v27.5 - https:\/\/yoast.com\/product\/yoast-seo-wordpress\/ -->\n<title>Nou sistema d\u2019IVA per a aut\u00f2noms: claus per decidir si et conv\u00e9 - Asesor\u00eda Compta-Clar<\/title>\n<meta name=\"description\" content=\"Descobreix qu\u00e8 \u00e9s l\u2019IVA franquiciat per a aut\u00f2noms a Espanya, els seus avantatges, inconvenients i quan compensa acollir-s\u2019hi a aquest nou sistema fiscal.\" \/>\n<meta name=\"robots\" content=\"index, follow, max-snippet:-1, max-image-preview:large, max-video-preview:-1\" \/>\n<link rel=\"canonical\" href=\"https:\/\/cccambrils.cat\/ca\/iva-franquiciat-autonoms-espanya\/\" \/>\n<meta property=\"og:locale\" content=\"ca_ES\" \/>\n<meta property=\"og:type\" content=\"article\" \/>\n<meta property=\"og:title\" content=\"Nou sistema d\u2019IVA per a aut\u00f2noms: claus per decidir si et conv\u00e9 - Asesor\u00eda Compta-Clar\" \/>\n<meta property=\"og:description\" content=\"Descobreix qu\u00e8 \u00e9s l\u2019IVA franquiciat per a aut\u00f2noms a Espanya, els seus avantatges, inconvenients i quan compensa acollir-s\u2019hi a aquest nou sistema fiscal.\" \/>\n<meta property=\"og:url\" content=\"https:\/\/cccambrils.cat\/ca\/iva-franquiciat-autonoms-espanya\/\" \/>\n<meta property=\"og:site_name\" content=\"Asesor\u00eda Compta-Clar\" \/>\n<meta property=\"article:published_time\" content=\"2026-04-14T07:20:05+00:00\" \/>\n<meta property=\"article:modified_time\" content=\"2026-04-14T07:20:07+00:00\" \/>\n<meta property=\"og:image\" content=\"https:\/\/cccambrils.cat\/wp-content\/uploads\/2026\/04\/asesor-autonomos-oficina.jpg\" \/>\n\t<meta property=\"og:image:width\" content=\"1536\" \/>\n\t<meta property=\"og:image:height\" content=\"1024\" \/>\n\t<meta property=\"og:image:type\" content=\"image\/jpeg\" \/>\n<meta name=\"author\" content=\"Compta Clar\" \/>\n<meta name=\"twitter:card\" content=\"summary_large_image\" \/>\n<meta name=\"twitter:label1\" content=\"Escrit per\" \/>\n\t<meta name=\"twitter:data1\" content=\"Compta Clar\" \/>\n\t<meta name=\"twitter:label2\" content=\"Temps estimat de lectura\" \/>\n\t<meta name=\"twitter:data2\" content=\"3 minuts\" \/>\n<script type=\"application\/ld+json\" class=\"yoast-schema-graph\">{\"@context\":\"https:\\\/\\\/schema.org\",\"@graph\":[{\"@type\":\"Article\",\"@id\":\"https:\\\/\\\/cccambrils.cat\\\/ca\\\/iva-franquiciat-autonoms-espanya\\\/#article\",\"isPartOf\":{\"@id\":\"https:\\\/\\\/cccambrils.cat\\\/ca\\\/iva-franquiciat-autonoms-espanya\\\/\"},\"author\":{\"name\":\"Compta Clar\",\"@id\":\"https:\\\/\\\/cccambrils.cat\\\/#\\\/schema\\\/person\\\/9902b120a50b716a1ea72a822d13a1d2\"},\"headline\":\"Nou sistema d\u2019IVA per a aut\u00f2noms: claus per decidir si et conv\u00e9\",\"datePublished\":\"2026-04-14T07:20:05+00:00\",\"dateModified\":\"2026-04-14T07:20:07+00:00\",\"mainEntityOfPage\":{\"@id\":\"https:\\\/\\\/cccambrils.cat\\\/ca\\\/iva-franquiciat-autonoms-espanya\\\/\"},\"wordCount\":529,\"publisher\":{\"@id\":\"https:\\\/\\\/cccambrils.cat\\\/#organization\"},\"image\":{\"@id\":\"https:\\\/\\\/cccambrils.cat\\\/ca\\\/iva-franquiciat-autonoms-espanya\\\/#primaryimage\"},\"thumbnailUrl\":\"https:\\\/\\\/cccambrils.cat\\\/wp-content\\\/uploads\\\/2026\\\/04\\\/asesor-autonomos-oficina.jpg\",\"keywords\":[\"aut\u00f2noms\",\"IVA 2026\",\"IVA franquiciat\"],\"articleSection\":[\"Aut\u00f3nomos\",\"Fiscal\"],\"inLanguage\":\"ca\"},{\"@type\":\"WebPage\",\"@id\":\"https:\\\/\\\/cccambrils.cat\\\/ca\\\/iva-franquiciat-autonoms-espanya\\\/\",\"url\":\"https:\\\/\\\/cccambrils.cat\\\/ca\\\/iva-franquiciat-autonoms-espanya\\\/\",\"name\":\"Nou sistema d\u2019IVA per a aut\u00f2noms: claus per decidir si et conv\u00e9 - Asesor\u00eda Compta-Clar\",\"isPartOf\":{\"@id\":\"https:\\\/\\\/cccambrils.cat\\\/#website\"},\"primaryImageOfPage\":{\"@id\":\"https:\\\/\\\/cccambrils.cat\\\/ca\\\/iva-franquiciat-autonoms-espanya\\\/#primaryimage\"},\"image\":{\"@id\":\"https:\\\/\\\/cccambrils.cat\\\/ca\\\/iva-franquiciat-autonoms-espanya\\\/#primaryimage\"},\"thumbnailUrl\":\"https:\\\/\\\/cccambrils.cat\\\/wp-content\\\/uploads\\\/2026\\\/04\\\/asesor-autonomos-oficina.jpg\",\"datePublished\":\"2026-04-14T07:20:05+00:00\",\"dateModified\":\"2026-04-14T07:20:07+00:00\",\"description\":\"Descobreix qu\u00e8 \u00e9s l\u2019IVA franquiciat per a aut\u00f2noms a Espanya, els seus avantatges, inconvenients i quan compensa acollir-s\u2019hi a aquest nou sistema fiscal.\",\"breadcrumb\":{\"@id\":\"https:\\\/\\\/cccambrils.cat\\\/ca\\\/iva-franquiciat-autonoms-espanya\\\/#breadcrumb\"},\"inLanguage\":\"ca\",\"potentialAction\":[{\"@type\":\"ReadAction\",\"target\":[\"https:\\\/\\\/cccambrils.cat\\\/ca\\\/iva-franquiciat-autonoms-espanya\\\/\"]}]},{\"@type\":\"ImageObject\",\"inLanguage\":\"ca\",\"@id\":\"https:\\\/\\\/cccambrils.cat\\\/ca\\\/iva-franquiciat-autonoms-espanya\\\/#primaryimage\",\"url\":\"https:\\\/\\\/cccambrils.cat\\\/wp-content\\\/uploads\\\/2026\\\/04\\\/asesor-autonomos-oficina.jpg\",\"contentUrl\":\"https:\\\/\\\/cccambrils.cat\\\/wp-content\\\/uploads\\\/2026\\\/04\\\/asesor-autonomos-oficina.jpg\",\"width\":1536,\"height\":1024,\"caption\":\"Asesor fiscal reunido con cliente aut\u00f3nomo en oficina revisando IVA\"},{\"@type\":\"BreadcrumbList\",\"@id\":\"https:\\\/\\\/cccambrils.cat\\\/ca\\\/iva-franquiciat-autonoms-espanya\\\/#breadcrumb\",\"itemListElement\":[{\"@type\":\"ListItem\",\"position\":1,\"name\":\"Portada\",\"item\":\"https:\\\/\\\/cccambrils.cat\\\/ca\\\/\"},{\"@type\":\"ListItem\",\"position\":2,\"name\":\"Nou sistema d\u2019IVA per a aut\u00f2noms: claus per decidir si et conv\u00e9\"}]},{\"@type\":\"WebSite\",\"@id\":\"https:\\\/\\\/cccambrils.cat\\\/#website\",\"url\":\"https:\\\/\\\/cccambrils.cat\\\/\",\"name\":\"Asesor\u00eda Compta-Clar\",\"description\":\"Asesor\u00eda profesional en Cambrils, Reus y Tarragona\",\"publisher\":{\"@id\":\"https:\\\/\\\/cccambrils.cat\\\/#organization\"},\"potentialAction\":[{\"@type\":\"SearchAction\",\"target\":{\"@type\":\"EntryPoint\",\"urlTemplate\":\"https:\\\/\\\/cccambrils.cat\\\/?s={search_term_string}\"},\"query-input\":{\"@type\":\"PropertyValueSpecification\",\"valueRequired\":true,\"valueName\":\"search_term_string\"}}],\"inLanguage\":\"ca\"},{\"@type\":\"Organization\",\"@id\":\"https:\\\/\\\/cccambrils.cat\\\/#organization\",\"name\":\"Asesor\u00eda Compta-Clar\",\"url\":\"https:\\\/\\\/cccambrils.cat\\\/\",\"logo\":{\"@type\":\"ImageObject\",\"inLanguage\":\"ca\",\"@id\":\"https:\\\/\\\/cccambrils.cat\\\/#\\\/schema\\\/logo\\\/image\\\/\",\"url\":\"\",\"contentUrl\":\"\",\"caption\":\"Asesor\u00eda Compta-Clar\"},\"image\":{\"@id\":\"https:\\\/\\\/cccambrils.cat\\\/#\\\/schema\\\/logo\\\/image\\\/\"}},{\"@type\":\"Person\",\"@id\":\"https:\\\/\\\/cccambrils.cat\\\/#\\\/schema\\\/person\\\/9902b120a50b716a1ea72a822d13a1d2\",\"name\":\"Compta Clar\",\"image\":{\"@type\":\"ImageObject\",\"inLanguage\":\"ca\",\"@id\":\"https:\\\/\\\/secure.gravatar.com\\\/avatar\\\/5d5a70e0d55973c8bac1d128e2e64d8debf58c20003b272166918508e37ceaa2?s=96&d=mm&r=g\",\"url\":\"https:\\\/\\\/secure.gravatar.com\\\/avatar\\\/5d5a70e0d55973c8bac1d128e2e64d8debf58c20003b272166918508e37ceaa2?s=96&d=mm&r=g\",\"contentUrl\":\"https:\\\/\\\/secure.gravatar.com\\\/avatar\\\/5d5a70e0d55973c8bac1d128e2e64d8debf58c20003b272166918508e37ceaa2?s=96&d=mm&r=g\",\"caption\":\"Compta Clar\"}}]}<\/script>\n<!-- \/ Yoast SEO plugin. -->","yoast_head_json":{"title":"Nou sistema d\u2019IVA per a aut\u00f2noms: claus per decidir si et conv\u00e9 - Asesor\u00eda Compta-Clar","description":"Descobreix qu\u00e8 \u00e9s l\u2019IVA franquiciat per a aut\u00f2noms a Espanya, els seus avantatges, inconvenients i quan compensa acollir-s\u2019hi a aquest nou sistema fiscal.","robots":{"index":"index","follow":"follow","max-snippet":"max-snippet:-1","max-image-preview":"max-image-preview:large","max-video-preview":"max-video-preview:-1"},"canonical":"https:\/\/cccambrils.cat\/ca\/iva-franquiciat-autonoms-espanya\/","og_locale":"ca_ES","og_type":"article","og_title":"Nou sistema d\u2019IVA per a aut\u00f2noms: claus per decidir si et conv\u00e9 - Asesor\u00eda Compta-Clar","og_description":"Descobreix qu\u00e8 \u00e9s l\u2019IVA franquiciat per a aut\u00f2noms a Espanya, els seus avantatges, inconvenients i quan compensa acollir-s\u2019hi a aquest nou sistema fiscal.","og_url":"https:\/\/cccambrils.cat\/ca\/iva-franquiciat-autonoms-espanya\/","og_site_name":"Asesor\u00eda Compta-Clar","article_published_time":"2026-04-14T07:20:05+00:00","article_modified_time":"2026-04-14T07:20:07+00:00","og_image":[{"width":1536,"height":1024,"url":"https:\/\/cccambrils.cat\/wp-content\/uploads\/2026\/04\/asesor-autonomos-oficina.jpg","type":"image\/jpeg"}],"author":"Compta Clar","twitter_card":"summary_large_image","twitter_misc":{"Escrit per":"Compta Clar","Temps estimat de lectura":"3 minuts"},"schema":{"@context":"https:\/\/schema.org","@graph":[{"@type":"Article","@id":"https:\/\/cccambrils.cat\/ca\/iva-franquiciat-autonoms-espanya\/#article","isPartOf":{"@id":"https:\/\/cccambrils.cat\/ca\/iva-franquiciat-autonoms-espanya\/"},"author":{"name":"Compta Clar","@id":"https:\/\/cccambrils.cat\/#\/schema\/person\/9902b120a50b716a1ea72a822d13a1d2"},"headline":"Nou sistema d\u2019IVA per a aut\u00f2noms: claus per decidir si et conv\u00e9","datePublished":"2026-04-14T07:20:05+00:00","dateModified":"2026-04-14T07:20:07+00:00","mainEntityOfPage":{"@id":"https:\/\/cccambrils.cat\/ca\/iva-franquiciat-autonoms-espanya\/"},"wordCount":529,"publisher":{"@id":"https:\/\/cccambrils.cat\/#organization"},"image":{"@id":"https:\/\/cccambrils.cat\/ca\/iva-franquiciat-autonoms-espanya\/#primaryimage"},"thumbnailUrl":"https:\/\/cccambrils.cat\/wp-content\/uploads\/2026\/04\/asesor-autonomos-oficina.jpg","keywords":["aut\u00f2noms","IVA 2026","IVA franquiciat"],"articleSection":["Aut\u00f3nomos","Fiscal"],"inLanguage":"ca"},{"@type":"WebPage","@id":"https:\/\/cccambrils.cat\/ca\/iva-franquiciat-autonoms-espanya\/","url":"https:\/\/cccambrils.cat\/ca\/iva-franquiciat-autonoms-espanya\/","name":"Nou sistema d\u2019IVA per a aut\u00f2noms: claus per decidir si et conv\u00e9 - Asesor\u00eda Compta-Clar","isPartOf":{"@id":"https:\/\/cccambrils.cat\/#website"},"primaryImageOfPage":{"@id":"https:\/\/cccambrils.cat\/ca\/iva-franquiciat-autonoms-espanya\/#primaryimage"},"image":{"@id":"https:\/\/cccambrils.cat\/ca\/iva-franquiciat-autonoms-espanya\/#primaryimage"},"thumbnailUrl":"https:\/\/cccambrils.cat\/wp-content\/uploads\/2026\/04\/asesor-autonomos-oficina.jpg","datePublished":"2026-04-14T07:20:05+00:00","dateModified":"2026-04-14T07:20:07+00:00","description":"Descobreix qu\u00e8 \u00e9s l\u2019IVA franquiciat per a aut\u00f2noms a Espanya, els seus avantatges, inconvenients i quan compensa acollir-s\u2019hi a aquest nou sistema fiscal.","breadcrumb":{"@id":"https:\/\/cccambrils.cat\/ca\/iva-franquiciat-autonoms-espanya\/#breadcrumb"},"inLanguage":"ca","potentialAction":[{"@type":"ReadAction","target":["https:\/\/cccambrils.cat\/ca\/iva-franquiciat-autonoms-espanya\/"]}]},{"@type":"ImageObject","inLanguage":"ca","@id":"https:\/\/cccambrils.cat\/ca\/iva-franquiciat-autonoms-espanya\/#primaryimage","url":"https:\/\/cccambrils.cat\/wp-content\/uploads\/2026\/04\/asesor-autonomos-oficina.jpg","contentUrl":"https:\/\/cccambrils.cat\/wp-content\/uploads\/2026\/04\/asesor-autonomos-oficina.jpg","width":1536,"height":1024,"caption":"Asesor fiscal reunido con cliente aut\u00f3nomo en oficina revisando IVA"},{"@type":"BreadcrumbList","@id":"https:\/\/cccambrils.cat\/ca\/iva-franquiciat-autonoms-espanya\/#breadcrumb","itemListElement":[{"@type":"ListItem","position":1,"name":"Portada","item":"https:\/\/cccambrils.cat\/ca\/"},{"@type":"ListItem","position":2,"name":"Nou sistema d\u2019IVA per a aut\u00f2noms: claus per decidir si et conv\u00e9"}]},{"@type":"WebSite","@id":"https:\/\/cccambrils.cat\/#website","url":"https:\/\/cccambrils.cat\/","name":"Asesor\u00eda Compta-Clar","description":"Asesor\u00eda profesional en Cambrils, Reus y Tarragona","publisher":{"@id":"https:\/\/cccambrils.cat\/#organization"},"potentialAction":[{"@type":"SearchAction","target":{"@type":"EntryPoint","urlTemplate":"https:\/\/cccambrils.cat\/?s={search_term_string}"},"query-input":{"@type":"PropertyValueSpecification","valueRequired":true,"valueName":"search_term_string"}}],"inLanguage":"ca"},{"@type":"Organization","@id":"https:\/\/cccambrils.cat\/#organization","name":"Asesor\u00eda Compta-Clar","url":"https:\/\/cccambrils.cat\/","logo":{"@type":"ImageObject","inLanguage":"ca","@id":"https:\/\/cccambrils.cat\/#\/schema\/logo\/image\/","url":"","contentUrl":"","caption":"Asesor\u00eda Compta-Clar"},"image":{"@id":"https:\/\/cccambrils.cat\/#\/schema\/logo\/image\/"}},{"@type":"Person","@id":"https:\/\/cccambrils.cat\/#\/schema\/person\/9902b120a50b716a1ea72a822d13a1d2","name":"Compta Clar","image":{"@type":"ImageObject","inLanguage":"ca","@id":"https:\/\/secure.gravatar.com\/avatar\/5d5a70e0d55973c8bac1d128e2e64d8debf58c20003b272166918508e37ceaa2?s=96&d=mm&r=g","url":"https:\/\/secure.gravatar.com\/avatar\/5d5a70e0d55973c8bac1d128e2e64d8debf58c20003b272166918508e37ceaa2?s=96&d=mm&r=g","contentUrl":"https:\/\/secure.gravatar.com\/avatar\/5d5a70e0d55973c8bac1d128e2e64d8debf58c20003b272166918508e37ceaa2?s=96&d=mm&r=g","caption":"Compta Clar"}}]}},"_links":{"self":[{"href":"https:\/\/cccambrils.cat\/ca\/wp-json\/wp\/v2\/posts\/7756","targetHints":{"allow":["GET"]}}],"collection":[{"href":"https:\/\/cccambrils.cat\/ca\/wp-json\/wp\/v2\/posts"}],"about":[{"href":"https:\/\/cccambrils.cat\/ca\/wp-json\/wp\/v2\/types\/post"}],"author":[{"embeddable":true,"href":"https:\/\/cccambrils.cat\/ca\/wp-json\/wp\/v2\/users\/1"}],"replies":[{"embeddable":true,"href":"https:\/\/cccambrils.cat\/ca\/wp-json\/wp\/v2\/comments?post=7756"}],"version-history":[{"count":1,"href":"https:\/\/cccambrils.cat\/ca\/wp-json\/wp\/v2\/posts\/7756\/revisions"}],"predecessor-version":[{"id":7757,"href":"https:\/\/cccambrils.cat\/ca\/wp-json\/wp\/v2\/posts\/7756\/revisions\/7757"}],"wp:featuredmedia":[{"embeddable":true,"href":"https:\/\/cccambrils.cat\/ca\/wp-json\/wp\/v2\/media\/7754"}],"wp:attachment":[{"href":"https:\/\/cccambrils.cat\/ca\/wp-json\/wp\/v2\/media?parent=7756"}],"wp:term":[{"taxonomy":"category","embeddable":true,"href":"https:\/\/cccambrils.cat\/ca\/wp-json\/wp\/v2\/categories?post=7756"},{"taxonomy":"post_tag","embeddable":true,"href":"https:\/\/cccambrils.cat\/ca\/wp-json\/wp\/v2\/tags?post=7756"}],"curies":[{"name":"wp","href":"https:\/\/api.w.org\/{rel}","templated":true}]}}