{"id":7750,"date":"2026-04-09T15:25:50","date_gmt":"2026-04-09T13:25:50","guid":{"rendered":"https:\/\/cccambrils.cat\/?p=7750"},"modified":"2026-04-09T15:25:52","modified_gmt":"2026-04-09T13:25:52","slug":"refer-nomines-2026-boe-empreses","status":"publish","type":"post","link":"https:\/\/cccambrils.cat\/ca\/refer-nomines-2026-boe-empreses\/","title":{"rendered":"Les empreses hauran de revisar i corregir les n\u00f2mines del primer trimestre de 2026"},"content":{"rendered":"\n<p>La recent publicaci\u00f3 al Butllet\u00ed Oficial de l\u2019Estat (BOE) de la nova normativa de cotitzaci\u00f3 per a 2026 ha generat un impacte important en empreses i treballadors. El motiu principal \u00e9s que aquesta regulaci\u00f3, tot i que va entrar en vigor l\u20191 d\u2019abril, t\u00e9 efectes retroactius des de l\u20191 de gener, cosa que obliga a refer c\u00e0lculs ja realitzats.<\/p>\n\n\n\n<!--more-->\n\n\n\n<p><strong>Un canvi amb efectes retroactius<\/strong><\/p>\n\n\n\n<p>L\u2019Ordre PJC\/297\/2026 estableix les bases de cotitzaci\u00f3 a la Seguretat Social, l\u2019atur, la formaci\u00f3 professional i altres conceptes vinculats a l\u2019ocupaci\u00f3. El problema sorgeix perqu\u00e8 aquesta normativa s\u2019ha publicat un cop finalitzat el primer trimestre de l\u2019any.<\/p>\n\n\n\n<p>A la pr\u00e0ctica, aix\u00f2 significa que durant els mesos de gener, febrer i mar\u00e7 s\u2019han aplicat criteris provisionals. Ara, amb les regles definitives ja fixades, les empreses han d\u2019ajustar aquestes n\u00f2mines per adaptar-les a la legislaci\u00f3 vigent.<\/p>\n\n\n\n<p><strong>Ajustos obligatoris en les cotitzacions<\/strong><\/p>\n\n\n\n<p>Les cotitzacions corresponents a gener i febrer, ja abonades, s\u2019hauran de corregir. Tot i que la Seguretat Social ha anunciat que dur\u00e0 a terme part d\u2019aquesta regularitzaci\u00f3 de manera autom\u00e0tica, no tots els casos quedaran coberts.<\/p>\n\n\n\n<p>El principal inconvenient es presenta amb el mes de mar\u00e7, la regularitzaci\u00f3 del qual no est\u00e0 inclosa en aquest proc\u00e9s autom\u00e0tic. Aix\u00f2 obliga les empreses i les assessories a recalcular les n\u00f2mines manualment en un termini molt limitat.<\/p>\n\n\n\n<p><strong>Pressi\u00f3 per a empreses i assessories<\/strong><\/p>\n\n\n\n<p>Aquest escenari ha generat una elevada c\u00e0rrega de treball per als departaments de recursos humans, gestor\u00edes i despatxos professionals. La necessitat de refer n\u00f2mines ja tancades implica revisar bases de cotitzaci\u00f3, actualitzar imports i presentar liquidacions complement\u00e0ries en temps r\u00e8cord.<\/p>\n\n\n\n<p>A m\u00e9s, aquesta situaci\u00f3 coincideix amb altres obligacions fiscals habituals d\u2019aquestes dates, fet que incrementa la pressi\u00f3 operativa i el risc d\u2019errors.<\/p>\n\n\n\n<p><strong>Cr\u00edtiques per la manca de previsi\u00f3<\/strong><\/p>\n\n\n\n<p>Diversos experts de l\u2019\u00e0mbit laboral han criticat la publicaci\u00f3 tardana de la norma. Assenyalen que treballar durant mesos sense con\u00e8ixer les bases definitives genera inseguretat jur\u00eddica tant per a les empreses com per als empleats.<\/p>\n\n\n\n<p>Tamb\u00e9 reclamen una major anticipaci\u00f3 en la publicaci\u00f3 d\u2019aquestes ordres, ja que aquest tipus de retards no \u00e9s un fet a\u00efllat, sin\u00f3 que es repeteix en els darrers anys.<\/p>\n\n\n\n<p><strong>Un problema recurrent<\/strong><\/p>\n\n\n\n<p>L\u2019aprovaci\u00f3 tardana de les normes de cotitzaci\u00f3 s\u2019ha convertit en una tend\u00e8ncia recent. En exercicis anteriors, aquestes disposicions tamb\u00e9 es van publicar setmanes \u2014i fins i tot mesos\u2014 despr\u00e9s de l\u2019inici de l\u2019any.<\/p>\n\n\n\n<p>Com a conseq\u00fc\u00e8ncia, cada exercici es repeteix el mateix escenari: ajustos posteriors, c\u00e0rrega administrativa addicional i dificultats per planificar els costos laborals amb precisi\u00f3.<\/p>\n","protected":false},"excerpt":{"rendered":"<p>La recent publicaci\u00f3 al Butllet\u00ed Oficial de l\u2019Estat (BOE) de la nova normativa de cotitzaci\u00f3 per a 2026 ha generat un impacte important en empreses i treballadors. El motiu principal \u00e9s que aquesta regulaci\u00f3, tot i que va entrar en vigor l\u20191 d\u2019abril, t\u00e9 efectes retroactius des de l\u20191 de<\/p>\n","protected":false},"author":1,"featured_media":7748,"comment_status":"closed","ping_status":"closed","sticky":false,"template":"","format":"standard","meta":{"footnotes":""},"categories":[24],"tags":[],"class_list":["post-7750","post","type-post","status-publish","format-standard","has-post-thumbnail","hentry","category-compta-clar-ca"],"yoast_head":"<!-- This site is optimized with the Yoast SEO plugin v27.5 - https:\/\/yoast.com\/product\/yoast-seo-wordpress\/ -->\n<title>El BOE obliga a refer les n\u00f2mines de 2026: qu\u00e8 han de fer les empreses<\/title>\n<meta name=\"description\" content=\"El BOE obliga les empreses a refer les n\u00f2mines del primer trimestre de 2026 per canvis en les cotitzacions. Descobreix com afecta i qu\u00e8 cal fer.\" \/>\n<meta name=\"robots\" content=\"index, follow, max-snippet:-1, max-image-preview:large, max-video-preview:-1\" \/>\n<link rel=\"canonical\" href=\"https:\/\/cccambrils.cat\/ca\/refer-nomines-2026-boe-empreses\/\" \/>\n<meta property=\"og:locale\" content=\"ca_ES\" \/>\n<meta property=\"og:type\" content=\"article\" \/>\n<meta property=\"og:title\" content=\"El BOE obliga a refer les n\u00f2mines de 2026: qu\u00e8 han de fer les empreses\" \/>\n<meta property=\"og:description\" content=\"El BOE obliga les empreses a refer les n\u00f2mines del primer trimestre de 2026 per canvis en les cotitzacions. Descobreix com afecta i qu\u00e8 cal fer.\" \/>\n<meta property=\"og:url\" content=\"https:\/\/cccambrils.cat\/ca\/refer-nomines-2026-boe-empreses\/\" \/>\n<meta property=\"og:site_name\" content=\"Asesor\u00eda Compta-Clar\" \/>\n<meta property=\"article:published_time\" content=\"2026-04-09T13:25:50+00:00\" \/>\n<meta property=\"article:modified_time\" content=\"2026-04-09T13:25:52+00:00\" \/>\n<meta property=\"og:image\" content=\"https:\/\/cccambrils.cat\/wp-content\/uploads\/2026\/04\/asesor-fiscal-reunion-clientes.jpg\" \/>\n\t<meta property=\"og:image:width\" content=\"1536\" \/>\n\t<meta property=\"og:image:height\" content=\"1024\" \/>\n\t<meta property=\"og:image:type\" content=\"image\/jpeg\" \/>\n<meta name=\"author\" content=\"Compta Clar\" \/>\n<meta name=\"twitter:card\" content=\"summary_large_image\" \/>\n<meta name=\"twitter:label1\" content=\"Escrit per\" \/>\n\t<meta name=\"twitter:data1\" content=\"Compta Clar\" \/>\n\t<meta name=\"twitter:label2\" content=\"Temps estimat de lectura\" \/>\n\t<meta name=\"twitter:data2\" content=\"3 minuts\" \/>\n<script type=\"application\/ld+json\" class=\"yoast-schema-graph\">{\"@context\":\"https:\\\/\\\/schema.org\",\"@graph\":[{\"@type\":\"Article\",\"@id\":\"https:\\\/\\\/cccambrils.cat\\\/ca\\\/refer-nomines-2026-boe-empreses\\\/#article\",\"isPartOf\":{\"@id\":\"https:\\\/\\\/cccambrils.cat\\\/ca\\\/refer-nomines-2026-boe-empreses\\\/\"},\"author\":{\"name\":\"Compta Clar\",\"@id\":\"https:\\\/\\\/cccambrils.cat\\\/#\\\/schema\\\/person\\\/9902b120a50b716a1ea72a822d13a1d2\"},\"headline\":\"Les empreses hauran de revisar i corregir les n\u00f2mines del primer trimestre de 2026\",\"datePublished\":\"2026-04-09T13:25:50+00:00\",\"dateModified\":\"2026-04-09T13:25:52+00:00\",\"mainEntityOfPage\":{\"@id\":\"https:\\\/\\\/cccambrils.cat\\\/ca\\\/refer-nomines-2026-boe-empreses\\\/\"},\"wordCount\":468,\"publisher\":{\"@id\":\"https:\\\/\\\/cccambrils.cat\\\/#organization\"},\"image\":{\"@id\":\"https:\\\/\\\/cccambrils.cat\\\/ca\\\/refer-nomines-2026-boe-empreses\\\/#primaryimage\"},\"thumbnailUrl\":\"https:\\\/\\\/cccambrils.cat\\\/wp-content\\\/uploads\\\/2026\\\/04\\\/asesor-fiscal-reunion-clientes.jpg\",\"articleSection\":[\"Compta Clar @ca\"],\"inLanguage\":\"ca\"},{\"@type\":\"WebPage\",\"@id\":\"https:\\\/\\\/cccambrils.cat\\\/ca\\\/refer-nomines-2026-boe-empreses\\\/\",\"url\":\"https:\\\/\\\/cccambrils.cat\\\/ca\\\/refer-nomines-2026-boe-empreses\\\/\",\"name\":\"El BOE obliga a refer les n\u00f2mines de 2026: qu\u00e8 han de fer les empreses\",\"isPartOf\":{\"@id\":\"https:\\\/\\\/cccambrils.cat\\\/#website\"},\"primaryImageOfPage\":{\"@id\":\"https:\\\/\\\/cccambrils.cat\\\/ca\\\/refer-nomines-2026-boe-empreses\\\/#primaryimage\"},\"image\":{\"@id\":\"https:\\\/\\\/cccambrils.cat\\\/ca\\\/refer-nomines-2026-boe-empreses\\\/#primaryimage\"},\"thumbnailUrl\":\"https:\\\/\\\/cccambrils.cat\\\/wp-content\\\/uploads\\\/2026\\\/04\\\/asesor-fiscal-reunion-clientes.jpg\",\"datePublished\":\"2026-04-09T13:25:50+00:00\",\"dateModified\":\"2026-04-09T13:25:52+00:00\",\"description\":\"El BOE obliga les empreses a refer les n\u00f2mines del primer trimestre de 2026 per canvis en les cotitzacions. Descobreix com afecta i qu\u00e8 cal fer.\",\"breadcrumb\":{\"@id\":\"https:\\\/\\\/cccambrils.cat\\\/ca\\\/refer-nomines-2026-boe-empreses\\\/#breadcrumb\"},\"inLanguage\":\"ca\",\"potentialAction\":[{\"@type\":\"ReadAction\",\"target\":[\"https:\\\/\\\/cccambrils.cat\\\/ca\\\/refer-nomines-2026-boe-empreses\\\/\"]}]},{\"@type\":\"ImageObject\",\"inLanguage\":\"ca\",\"@id\":\"https:\\\/\\\/cccambrils.cat\\\/ca\\\/refer-nomines-2026-boe-empreses\\\/#primaryimage\",\"url\":\"https:\\\/\\\/cccambrils.cat\\\/wp-content\\\/uploads\\\/2026\\\/04\\\/asesor-fiscal-reunion-clientes.jpg\",\"contentUrl\":\"https:\\\/\\\/cccambrils.cat\\\/wp-content\\\/uploads\\\/2026\\\/04\\\/asesor-fiscal-reunion-clientes.jpg\",\"width\":1536,\"height\":1024,\"caption\":\"Asesor fiscal reunido con clientes en una oficina revisando documentaci\u00f3n laboral\"},{\"@type\":\"BreadcrumbList\",\"@id\":\"https:\\\/\\\/cccambrils.cat\\\/ca\\\/refer-nomines-2026-boe-empreses\\\/#breadcrumb\",\"itemListElement\":[{\"@type\":\"ListItem\",\"position\":1,\"name\":\"Portada\",\"item\":\"https:\\\/\\\/cccambrils.cat\\\/ca\\\/\"},{\"@type\":\"ListItem\",\"position\":2,\"name\":\"Les empreses hauran de revisar i corregir les n\u00f2mines del primer trimestre de 2026\"}]},{\"@type\":\"WebSite\",\"@id\":\"https:\\\/\\\/cccambrils.cat\\\/#website\",\"url\":\"https:\\\/\\\/cccambrils.cat\\\/\",\"name\":\"Asesor\u00eda Compta-Clar\",\"description\":\"Asesor\u00eda profesional en Cambrils, Reus y Tarragona\",\"publisher\":{\"@id\":\"https:\\\/\\\/cccambrils.cat\\\/#organization\"},\"potentialAction\":[{\"@type\":\"SearchAction\",\"target\":{\"@type\":\"EntryPoint\",\"urlTemplate\":\"https:\\\/\\\/cccambrils.cat\\\/?s={search_term_string}\"},\"query-input\":{\"@type\":\"PropertyValueSpecification\",\"valueRequired\":true,\"valueName\":\"search_term_string\"}}],\"inLanguage\":\"ca\"},{\"@type\":\"Organization\",\"@id\":\"https:\\\/\\\/cccambrils.cat\\\/#organization\",\"name\":\"Asesor\u00eda Compta-Clar\",\"url\":\"https:\\\/\\\/cccambrils.cat\\\/\",\"logo\":{\"@type\":\"ImageObject\",\"inLanguage\":\"ca\",\"@id\":\"https:\\\/\\\/cccambrils.cat\\\/#\\\/schema\\\/logo\\\/image\\\/\",\"url\":\"\",\"contentUrl\":\"\",\"caption\":\"Asesor\u00eda Compta-Clar\"},\"image\":{\"@id\":\"https:\\\/\\\/cccambrils.cat\\\/#\\\/schema\\\/logo\\\/image\\\/\"}},{\"@type\":\"Person\",\"@id\":\"https:\\\/\\\/cccambrils.cat\\\/#\\\/schema\\\/person\\\/9902b120a50b716a1ea72a822d13a1d2\",\"name\":\"Compta Clar\",\"image\":{\"@type\":\"ImageObject\",\"inLanguage\":\"ca\",\"@id\":\"https:\\\/\\\/secure.gravatar.com\\\/avatar\\\/5d5a70e0d55973c8bac1d128e2e64d8debf58c20003b272166918508e37ceaa2?s=96&d=mm&r=g\",\"url\":\"https:\\\/\\\/secure.gravatar.com\\\/avatar\\\/5d5a70e0d55973c8bac1d128e2e64d8debf58c20003b272166918508e37ceaa2?s=96&d=mm&r=g\",\"contentUrl\":\"https:\\\/\\\/secure.gravatar.com\\\/avatar\\\/5d5a70e0d55973c8bac1d128e2e64d8debf58c20003b272166918508e37ceaa2?s=96&d=mm&r=g\",\"caption\":\"Compta Clar\"}}]}<\/script>\n<!-- \/ Yoast SEO plugin. -->","yoast_head_json":{"title":"El BOE obliga a refer les n\u00f2mines de 2026: qu\u00e8 han de fer les empreses","description":"El BOE obliga les empreses a refer les n\u00f2mines del primer trimestre de 2026 per canvis en les cotitzacions. Descobreix com afecta i qu\u00e8 cal fer.","robots":{"index":"index","follow":"follow","max-snippet":"max-snippet:-1","max-image-preview":"max-image-preview:large","max-video-preview":"max-video-preview:-1"},"canonical":"https:\/\/cccambrils.cat\/ca\/refer-nomines-2026-boe-empreses\/","og_locale":"ca_ES","og_type":"article","og_title":"El BOE obliga a refer les n\u00f2mines de 2026: qu\u00e8 han de fer les empreses","og_description":"El BOE obliga les empreses a refer les n\u00f2mines del primer trimestre de 2026 per canvis en les cotitzacions. Descobreix com afecta i qu\u00e8 cal fer.","og_url":"https:\/\/cccambrils.cat\/ca\/refer-nomines-2026-boe-empreses\/","og_site_name":"Asesor\u00eda Compta-Clar","article_published_time":"2026-04-09T13:25:50+00:00","article_modified_time":"2026-04-09T13:25:52+00:00","og_image":[{"width":1536,"height":1024,"url":"https:\/\/cccambrils.cat\/wp-content\/uploads\/2026\/04\/asesor-fiscal-reunion-clientes.jpg","type":"image\/jpeg"}],"author":"Compta Clar","twitter_card":"summary_large_image","twitter_misc":{"Escrit per":"Compta Clar","Temps estimat de lectura":"3 minuts"},"schema":{"@context":"https:\/\/schema.org","@graph":[{"@type":"Article","@id":"https:\/\/cccambrils.cat\/ca\/refer-nomines-2026-boe-empreses\/#article","isPartOf":{"@id":"https:\/\/cccambrils.cat\/ca\/refer-nomines-2026-boe-empreses\/"},"author":{"name":"Compta Clar","@id":"https:\/\/cccambrils.cat\/#\/schema\/person\/9902b120a50b716a1ea72a822d13a1d2"},"headline":"Les empreses hauran de revisar i corregir les n\u00f2mines del primer trimestre de 2026","datePublished":"2026-04-09T13:25:50+00:00","dateModified":"2026-04-09T13:25:52+00:00","mainEntityOfPage":{"@id":"https:\/\/cccambrils.cat\/ca\/refer-nomines-2026-boe-empreses\/"},"wordCount":468,"publisher":{"@id":"https:\/\/cccambrils.cat\/#organization"},"image":{"@id":"https:\/\/cccambrils.cat\/ca\/refer-nomines-2026-boe-empreses\/#primaryimage"},"thumbnailUrl":"https:\/\/cccambrils.cat\/wp-content\/uploads\/2026\/04\/asesor-fiscal-reunion-clientes.jpg","articleSection":["Compta Clar @ca"],"inLanguage":"ca"},{"@type":"WebPage","@id":"https:\/\/cccambrils.cat\/ca\/refer-nomines-2026-boe-empreses\/","url":"https:\/\/cccambrils.cat\/ca\/refer-nomines-2026-boe-empreses\/","name":"El BOE obliga a refer les n\u00f2mines de 2026: qu\u00e8 han de fer les empreses","isPartOf":{"@id":"https:\/\/cccambrils.cat\/#website"},"primaryImageOfPage":{"@id":"https:\/\/cccambrils.cat\/ca\/refer-nomines-2026-boe-empreses\/#primaryimage"},"image":{"@id":"https:\/\/cccambrils.cat\/ca\/refer-nomines-2026-boe-empreses\/#primaryimage"},"thumbnailUrl":"https:\/\/cccambrils.cat\/wp-content\/uploads\/2026\/04\/asesor-fiscal-reunion-clientes.jpg","datePublished":"2026-04-09T13:25:50+00:00","dateModified":"2026-04-09T13:25:52+00:00","description":"El BOE obliga les empreses a refer les n\u00f2mines del primer trimestre de 2026 per canvis en les cotitzacions. Descobreix com afecta i qu\u00e8 cal fer.","breadcrumb":{"@id":"https:\/\/cccambrils.cat\/ca\/refer-nomines-2026-boe-empreses\/#breadcrumb"},"inLanguage":"ca","potentialAction":[{"@type":"ReadAction","target":["https:\/\/cccambrils.cat\/ca\/refer-nomines-2026-boe-empreses\/"]}]},{"@type":"ImageObject","inLanguage":"ca","@id":"https:\/\/cccambrils.cat\/ca\/refer-nomines-2026-boe-empreses\/#primaryimage","url":"https:\/\/cccambrils.cat\/wp-content\/uploads\/2026\/04\/asesor-fiscal-reunion-clientes.jpg","contentUrl":"https:\/\/cccambrils.cat\/wp-content\/uploads\/2026\/04\/asesor-fiscal-reunion-clientes.jpg","width":1536,"height":1024,"caption":"Asesor fiscal reunido con clientes en una oficina revisando documentaci\u00f3n laboral"},{"@type":"BreadcrumbList","@id":"https:\/\/cccambrils.cat\/ca\/refer-nomines-2026-boe-empreses\/#breadcrumb","itemListElement":[{"@type":"ListItem","position":1,"name":"Portada","item":"https:\/\/cccambrils.cat\/ca\/"},{"@type":"ListItem","position":2,"name":"Les empreses hauran de revisar i corregir les n\u00f2mines del primer trimestre de 2026"}]},{"@type":"WebSite","@id":"https:\/\/cccambrils.cat\/#website","url":"https:\/\/cccambrils.cat\/","name":"Asesor\u00eda Compta-Clar","description":"Asesor\u00eda profesional en Cambrils, Reus y Tarragona","publisher":{"@id":"https:\/\/cccambrils.cat\/#organization"},"potentialAction":[{"@type":"SearchAction","target":{"@type":"EntryPoint","urlTemplate":"https:\/\/cccambrils.cat\/?s={search_term_string}"},"query-input":{"@type":"PropertyValueSpecification","valueRequired":true,"valueName":"search_term_string"}}],"inLanguage":"ca"},{"@type":"Organization","@id":"https:\/\/cccambrils.cat\/#organization","name":"Asesor\u00eda Compta-Clar","url":"https:\/\/cccambrils.cat\/","logo":{"@type":"ImageObject","inLanguage":"ca","@id":"https:\/\/cccambrils.cat\/#\/schema\/logo\/image\/","url":"","contentUrl":"","caption":"Asesor\u00eda Compta-Clar"},"image":{"@id":"https:\/\/cccambrils.cat\/#\/schema\/logo\/image\/"}},{"@type":"Person","@id":"https:\/\/cccambrils.cat\/#\/schema\/person\/9902b120a50b716a1ea72a822d13a1d2","name":"Compta Clar","image":{"@type":"ImageObject","inLanguage":"ca","@id":"https:\/\/secure.gravatar.com\/avatar\/5d5a70e0d55973c8bac1d128e2e64d8debf58c20003b272166918508e37ceaa2?s=96&d=mm&r=g","url":"https:\/\/secure.gravatar.com\/avatar\/5d5a70e0d55973c8bac1d128e2e64d8debf58c20003b272166918508e37ceaa2?s=96&d=mm&r=g","contentUrl":"https:\/\/secure.gravatar.com\/avatar\/5d5a70e0d55973c8bac1d128e2e64d8debf58c20003b272166918508e37ceaa2?s=96&d=mm&r=g","caption":"Compta Clar"}}]}},"_links":{"self":[{"href":"https:\/\/cccambrils.cat\/ca\/wp-json\/wp\/v2\/posts\/7750","targetHints":{"allow":["GET"]}}],"collection":[{"href":"https:\/\/cccambrils.cat\/ca\/wp-json\/wp\/v2\/posts"}],"about":[{"href":"https:\/\/cccambrils.cat\/ca\/wp-json\/wp\/v2\/types\/post"}],"author":[{"embeddable":true,"href":"https:\/\/cccambrils.cat\/ca\/wp-json\/wp\/v2\/users\/1"}],"replies":[{"embeddable":true,"href":"https:\/\/cccambrils.cat\/ca\/wp-json\/wp\/v2\/comments?post=7750"}],"version-history":[{"count":1,"href":"https:\/\/cccambrils.cat\/ca\/wp-json\/wp\/v2\/posts\/7750\/revisions"}],"predecessor-version":[{"id":7751,"href":"https:\/\/cccambrils.cat\/ca\/wp-json\/wp\/v2\/posts\/7750\/revisions\/7751"}],"wp:featuredmedia":[{"embeddable":true,"href":"https:\/\/cccambrils.cat\/ca\/wp-json\/wp\/v2\/media\/7748"}],"wp:attachment":[{"href":"https:\/\/cccambrils.cat\/ca\/wp-json\/wp\/v2\/media?parent=7750"}],"wp:term":[{"taxonomy":"category","embeddable":true,"href":"https:\/\/cccambrils.cat\/ca\/wp-json\/wp\/v2\/categories?post=7750"},{"taxonomy":"post_tag","embeddable":true,"href":"https:\/\/cccambrils.cat\/ca\/wp-json\/wp\/v2\/tags?post=7750"}],"curies":[{"name":"wp","href":"https:\/\/api.w.org\/{rel}","templated":true}]}}