{"id":7744,"date":"2026-04-08T15:24:48","date_gmt":"2026-04-08T13:24:48","guid":{"rendered":"https:\/\/cccambrils.cat\/?p=7744"},"modified":"2026-04-08T15:24:50","modified_gmt":"2026-04-08T13:24:50","slug":"deduccions-autonomiques-renda-2025-2026-estalvi","status":"publish","type":"post","link":"https:\/\/cccambrils.cat\/ca\/deduccions-autonomiques-renda-2025-2026-estalvi\/","title":{"rendered":"Com aprofitar les deduccions auton\u00f2miques a la Renda 2025-2026 i pagar menys"},"content":{"rendered":"\n<p>Amb l\u2019inici de la campanya de la Renda 2025-2026, molts contribuents tenen l\u2019oportunitat de reduir la seva factura fiscal si coneixen b\u00e9 les deduccions disponibles. M\u00e9s enll\u00e0 dels avantatges estatals, les deduccions auton\u00f2miques poden marcar una difer\u00e8ncia important en el resultat final, tot i que sovint passen desapercebudes.<\/p>\n\n\n\n<!--more-->\n\n\n\n<p><strong>Deduccions auton\u00f2miques: un estalvi poc aprofitat<\/strong><\/p>\n\n\n\n<p>Cada comunitat aut\u00f2noma estableix els seus propis beneficis fiscals, cosa que significa que les possibilitats d\u2019estalvi varien segons el lloc de resid\u00e8ncia. El problema \u00e9s que moltes d\u2019aquestes deduccions no apareixen autom\u00e0ticament a l\u2019esborrany, per la qual cosa cal revisar-les i incorporar-les manualment per no perdre diners.<\/p>\n\n\n\n<p>En els darrers anys, a m\u00e9s, aquestes ajudes han evolucionat incorporant nous conceptes relacionats amb el dia a dia dels ciutadans.<\/p>\n\n\n\n<p><strong>El gimn\u00e0s i l\u2019esport tamb\u00e9 desgraven<\/strong><\/p>\n\n\n\n<p>Una de les novetats m\u00e9s destacades \u00e9s la deducci\u00f3 per despeses esportives. Algunes comunitats permeten desgravar part dels diners destinats a gimnasos, clubs o activitats f\u00edsiques.<\/p>\n\n\n\n<p>Per exemple, hi ha regions on es pot deduir aproximadament el 15% de la despesa amb un l\u00edmit proper als 100 euros, mentre que en altres l\u2019estalvi pot arribar fins als 300 euros depenent de les condicions del contribuent.<\/p>\n\n\n\n<p>Aquest tipus d\u2019incentiu busca fomentar h\u00e0bits saludables, convertint la cura personal en un petit benefici fiscal.<\/p>\n\n\n\n<p><strong>Habitatge: continua sent clau, per\u00f2 amb limitacions<\/strong><\/p>\n\n\n\n<p>En mat\u00e8ria d\u2019habitatge, les deduccions estatals s\u00f3n cada vegada m\u00e9s limitades. Actualment, nom\u00e9s les poden aplicar aquells que van comprar el seu habitatge habitual abans de 2013 i ja es beneficiaven d\u2019aquest avantatge anteriorment.<\/p>\n\n\n\n<p>Tot i aix\u00ed, les comunitats aut\u00f2nomes mantenen ajudes rellevants, especialment en el lloguer. Alguns territoris ofereixen deduccions significatives per a joves, fam\u00edlies nombroses o persones amb rendes m\u00e9s baixes, cosa que pot suposar un estalvi considerable.<\/p>\n\n\n\n<p><strong>Noves deduccions en funci\u00f3 del territori<\/strong><\/p>\n\n\n\n<p>Les novetats no es limiten a l\u2019esport o l\u2019habitatge. Depenent de la comunitat, es poden trobar beneficis fiscals per:<\/p>\n\n\n\n<ul class=\"wp-block-list\">\n<li>Despeses sanit\u00e0ries o veterin\u00e0ries<\/li>\n\n\n\n<li>Activitats culturals o educatives<\/li>\n\n\n\n<li>Cura de fills o persones dependents<\/li>\n\n\n\n<li>Donacions o iniciatives mediambientals<\/li>\n<\/ul>\n\n\n\n<p>Fins i tot hi ha casos espec\u00edfics, com deduccions per formaci\u00f3 musical o per situacions familiars concretes, cosa que reflecteix la diversitat de mesures a nivell auton\u00f2mic.<\/p>\n\n\n\n<p><strong>Revisar l\u2019esborrany: una obligaci\u00f3 per estalviar<\/strong><\/p>\n\n\n\n<p>Un dels errors m\u00e9s comuns \u00e9s acceptar l\u2019esborrany sense comprovar-lo. Aix\u00f2 pot provocar que moltes deduccions no s\u2019apliquin correctament o directament es perdin.<\/p>\n\n\n\n<p>Els experts recomanen revisar tots els apartats, especialment si es tenen circumst\u00e0ncies personals que puguin donar dret a beneficis fiscals. En molts casos, dedicar uns minuts a aquesta revisi\u00f3 es pot traduir en un estalvi significatiu.<\/p>\n\n\n\n<p><strong>Conclusi\u00f3<\/strong><\/p>\n\n\n\n<p>La campanya de la Renda no nom\u00e9s consisteix a complir amb Hisenda, sin\u00f3 tamb\u00e9 a optimitzar el resultat. Con\u00e8ixer i aplicar correctament les deduccions auton\u00f2miques pot marcar la difer\u00e8ncia entre pagar de m\u00e9s o estalviar.<\/p>\n\n\n\n<p>Per aix\u00f2, informar-se, revisar l\u2019esborrany i parar atenci\u00f3 als detalls \u00e9s fonamental per aprofitar al m\u00e0xim tots els avantatges fiscals disponibles.<\/p>\n","protected":false},"excerpt":{"rendered":"<p>Amb l\u2019inici de la campanya de la Renda 2025-2026, molts contribuents tenen l\u2019oportunitat de reduir la seva factura fiscal si coneixen b\u00e9 les deduccions disponibles. M\u00e9s enll\u00e0 dels avantatges estatals, les deduccions auton\u00f2miques poden marcar una difer\u00e8ncia important en el resultat final, tot i que sovint passen desapercebudes.<\/p>\n","protected":false},"author":1,"featured_media":7742,"comment_status":"closed","ping_status":"closed","sticky":false,"template":"","format":"standard","meta":{"footnotes":""},"categories":[50],"tags":[86,87,85,97],"class_list":["post-7744","post","type-post","status-publish","format-standard","has-post-thumbnail","hentry","category-renda","tag-declaracio-de-la-renda","tag-despeses-deduibles","tag-renda","tag-renda-2025"],"yoast_head":"<!-- This site is optimized with the Yoast SEO plugin v27.5 - https:\/\/yoast.com\/product\/yoast-seo-wordpress\/ -->\n<title>Deduccions auton\u00f2miques a la Renda 2025-2026: com estalviar amb el gimn\u00e0s i l\u2019habitatge<\/title>\n<meta name=\"description\" content=\"Descobreix com aprofitar les deduccions auton\u00f2miques a la Renda 2025-2026: gimn\u00e0s, habitatge i altres despeses que et poden ajudar a pagar menys impostos.\" \/>\n<meta name=\"robots\" content=\"index, follow, max-snippet:-1, max-image-preview:large, max-video-preview:-1\" \/>\n<link rel=\"canonical\" href=\"https:\/\/cccambrils.cat\/ca\/deduccions-autonomiques-renda-2025-2026-estalvi\/\" \/>\n<meta property=\"og:locale\" content=\"ca_ES\" \/>\n<meta property=\"og:type\" content=\"article\" \/>\n<meta property=\"og:title\" content=\"Deduccions auton\u00f2miques a la Renda 2025-2026: com estalviar amb el gimn\u00e0s i l\u2019habitatge\" \/>\n<meta property=\"og:description\" content=\"Descobreix com aprofitar les deduccions auton\u00f2miques a la Renda 2025-2026: gimn\u00e0s, habitatge i altres despeses que et poden ajudar a pagar menys impostos.\" \/>\n<meta property=\"og:url\" content=\"https:\/\/cccambrils.cat\/ca\/deduccions-autonomiques-renda-2025-2026-estalvi\/\" \/>\n<meta property=\"og:site_name\" content=\"Asesor\u00eda Compta-Clar\" \/>\n<meta property=\"article:published_time\" content=\"2026-04-08T13:24:48+00:00\" \/>\n<meta property=\"article:modified_time\" content=\"2026-04-08T13:24:50+00:00\" \/>\n<meta property=\"og:image\" content=\"https:\/\/cccambrils.cat\/wp-content\/uploads\/2026\/04\/asesor-renta-2025-2026-deducciones.jpg\" \/>\n\t<meta property=\"og:image:width\" content=\"1536\" \/>\n\t<meta property=\"og:image:height\" content=\"1024\" \/>\n\t<meta property=\"og:image:type\" content=\"image\/jpeg\" \/>\n<meta name=\"author\" content=\"Compta Clar\" \/>\n<meta name=\"twitter:card\" content=\"summary_large_image\" \/>\n<meta name=\"twitter:label1\" content=\"Escrit per\" \/>\n\t<meta name=\"twitter:data1\" content=\"Compta Clar\" \/>\n\t<meta name=\"twitter:label2\" content=\"Temps estimat de lectura\" \/>\n\t<meta name=\"twitter:data2\" content=\"3 minuts\" \/>\n<script type=\"application\/ld+json\" class=\"yoast-schema-graph\">{\"@context\":\"https:\\\/\\\/schema.org\",\"@graph\":[{\"@type\":\"Article\",\"@id\":\"https:\\\/\\\/cccambrils.cat\\\/ca\\\/deduccions-autonomiques-renda-2025-2026-estalvi\\\/#article\",\"isPartOf\":{\"@id\":\"https:\\\/\\\/cccambrils.cat\\\/ca\\\/deduccions-autonomiques-renda-2025-2026-estalvi\\\/\"},\"author\":{\"name\":\"Compta Clar\",\"@id\":\"https:\\\/\\\/cccambrils.cat\\\/#\\\/schema\\\/person\\\/9902b120a50b716a1ea72a822d13a1d2\"},\"headline\":\"Com aprofitar les deduccions auton\u00f2miques a la Renda 2025-2026 i pagar menys\",\"datePublished\":\"2026-04-08T13:24:48+00:00\",\"dateModified\":\"2026-04-08T13:24:50+00:00\",\"mainEntityOfPage\":{\"@id\":\"https:\\\/\\\/cccambrils.cat\\\/ca\\\/deduccions-autonomiques-renda-2025-2026-estalvi\\\/\"},\"wordCount\":535,\"publisher\":{\"@id\":\"https:\\\/\\\/cccambrils.cat\\\/#organization\"},\"image\":{\"@id\":\"https:\\\/\\\/cccambrils.cat\\\/ca\\\/deduccions-autonomiques-renda-2025-2026-estalvi\\\/#primaryimage\"},\"thumbnailUrl\":\"https:\\\/\\\/cccambrils.cat\\\/wp-content\\\/uploads\\\/2026\\\/04\\\/asesor-renta-2025-2026-deducciones.jpg\",\"keywords\":[\"declaraci\u00f3 de la renda\",\"despeses dedu\u00efbles\",\"renda\",\"renda 2025\"],\"articleSection\":[\"Renda\"],\"inLanguage\":\"ca\"},{\"@type\":\"WebPage\",\"@id\":\"https:\\\/\\\/cccambrils.cat\\\/ca\\\/deduccions-autonomiques-renda-2025-2026-estalvi\\\/\",\"url\":\"https:\\\/\\\/cccambrils.cat\\\/ca\\\/deduccions-autonomiques-renda-2025-2026-estalvi\\\/\",\"name\":\"Deduccions auton\u00f2miques a la Renda 2025-2026: com estalviar amb el gimn\u00e0s i l\u2019habitatge\",\"isPartOf\":{\"@id\":\"https:\\\/\\\/cccambrils.cat\\\/#website\"},\"primaryImageOfPage\":{\"@id\":\"https:\\\/\\\/cccambrils.cat\\\/ca\\\/deduccions-autonomiques-renda-2025-2026-estalvi\\\/#primaryimage\"},\"image\":{\"@id\":\"https:\\\/\\\/cccambrils.cat\\\/ca\\\/deduccions-autonomiques-renda-2025-2026-estalvi\\\/#primaryimage\"},\"thumbnailUrl\":\"https:\\\/\\\/cccambrils.cat\\\/wp-content\\\/uploads\\\/2026\\\/04\\\/asesor-renta-2025-2026-deducciones.jpg\",\"datePublished\":\"2026-04-08T13:24:48+00:00\",\"dateModified\":\"2026-04-08T13:24:50+00:00\",\"description\":\"Descobreix com aprofitar les deduccions auton\u00f2miques a la Renda 2025-2026: gimn\u00e0s, habitatge i altres despeses que et poden ajudar a pagar menys impostos.\",\"breadcrumb\":{\"@id\":\"https:\\\/\\\/cccambrils.cat\\\/ca\\\/deduccions-autonomiques-renda-2025-2026-estalvi\\\/#breadcrumb\"},\"inLanguage\":\"ca\",\"potentialAction\":[{\"@type\":\"ReadAction\",\"target\":[\"https:\\\/\\\/cccambrils.cat\\\/ca\\\/deduccions-autonomiques-renda-2025-2026-estalvi\\\/\"]}]},{\"@type\":\"ImageObject\",\"inLanguage\":\"ca\",\"@id\":\"https:\\\/\\\/cccambrils.cat\\\/ca\\\/deduccions-autonomiques-renda-2025-2026-estalvi\\\/#primaryimage\",\"url\":\"https:\\\/\\\/cccambrils.cat\\\/wp-content\\\/uploads\\\/2026\\\/04\\\/asesor-renta-2025-2026-deducciones.jpg\",\"contentUrl\":\"https:\\\/\\\/cccambrils.cat\\\/wp-content\\\/uploads\\\/2026\\\/04\\\/asesor-renta-2025-2026-deducciones.jpg\",\"width\":1536,\"height\":1024,\"caption\":\"Pareja reunida con asesor fiscal revisando la declaraci\u00f3n de la renta 2025-2026 y deducciones auton\u00f3micas\"},{\"@type\":\"BreadcrumbList\",\"@id\":\"https:\\\/\\\/cccambrils.cat\\\/ca\\\/deduccions-autonomiques-renda-2025-2026-estalvi\\\/#breadcrumb\",\"itemListElement\":[{\"@type\":\"ListItem\",\"position\":1,\"name\":\"Portada\",\"item\":\"https:\\\/\\\/cccambrils.cat\\\/ca\\\/\"},{\"@type\":\"ListItem\",\"position\":2,\"name\":\"Com aprofitar les deduccions auton\u00f2miques a la Renda 2025-2026 i pagar menys\"}]},{\"@type\":\"WebSite\",\"@id\":\"https:\\\/\\\/cccambrils.cat\\\/#website\",\"url\":\"https:\\\/\\\/cccambrils.cat\\\/\",\"name\":\"Asesor\u00eda Compta-Clar\",\"description\":\"Asesor\u00eda profesional en Cambrils, Reus y Tarragona\",\"publisher\":{\"@id\":\"https:\\\/\\\/cccambrils.cat\\\/#organization\"},\"potentialAction\":[{\"@type\":\"SearchAction\",\"target\":{\"@type\":\"EntryPoint\",\"urlTemplate\":\"https:\\\/\\\/cccambrils.cat\\\/?s={search_term_string}\"},\"query-input\":{\"@type\":\"PropertyValueSpecification\",\"valueRequired\":true,\"valueName\":\"search_term_string\"}}],\"inLanguage\":\"ca\"},{\"@type\":\"Organization\",\"@id\":\"https:\\\/\\\/cccambrils.cat\\\/#organization\",\"name\":\"Asesor\u00eda Compta-Clar\",\"url\":\"https:\\\/\\\/cccambrils.cat\\\/\",\"logo\":{\"@type\":\"ImageObject\",\"inLanguage\":\"ca\",\"@id\":\"https:\\\/\\\/cccambrils.cat\\\/#\\\/schema\\\/logo\\\/image\\\/\",\"url\":\"\",\"contentUrl\":\"\",\"caption\":\"Asesor\u00eda Compta-Clar\"},\"image\":{\"@id\":\"https:\\\/\\\/cccambrils.cat\\\/#\\\/schema\\\/logo\\\/image\\\/\"}},{\"@type\":\"Person\",\"@id\":\"https:\\\/\\\/cccambrils.cat\\\/#\\\/schema\\\/person\\\/9902b120a50b716a1ea72a822d13a1d2\",\"name\":\"Compta Clar\",\"image\":{\"@type\":\"ImageObject\",\"inLanguage\":\"ca\",\"@id\":\"https:\\\/\\\/secure.gravatar.com\\\/avatar\\\/5d5a70e0d55973c8bac1d128e2e64d8debf58c20003b272166918508e37ceaa2?s=96&d=mm&r=g\",\"url\":\"https:\\\/\\\/secure.gravatar.com\\\/avatar\\\/5d5a70e0d55973c8bac1d128e2e64d8debf58c20003b272166918508e37ceaa2?s=96&d=mm&r=g\",\"contentUrl\":\"https:\\\/\\\/secure.gravatar.com\\\/avatar\\\/5d5a70e0d55973c8bac1d128e2e64d8debf58c20003b272166918508e37ceaa2?s=96&d=mm&r=g\",\"caption\":\"Compta Clar\"}}]}<\/script>\n<!-- \/ Yoast SEO plugin. -->","yoast_head_json":{"title":"Deduccions auton\u00f2miques a la Renda 2025-2026: com estalviar amb el gimn\u00e0s i l\u2019habitatge","description":"Descobreix com aprofitar les deduccions auton\u00f2miques a la Renda 2025-2026: gimn\u00e0s, habitatge i altres despeses que et poden ajudar a pagar menys impostos.","robots":{"index":"index","follow":"follow","max-snippet":"max-snippet:-1","max-image-preview":"max-image-preview:large","max-video-preview":"max-video-preview:-1"},"canonical":"https:\/\/cccambrils.cat\/ca\/deduccions-autonomiques-renda-2025-2026-estalvi\/","og_locale":"ca_ES","og_type":"article","og_title":"Deduccions auton\u00f2miques a la Renda 2025-2026: com estalviar amb el gimn\u00e0s i l\u2019habitatge","og_description":"Descobreix com aprofitar les deduccions auton\u00f2miques a la Renda 2025-2026: gimn\u00e0s, habitatge i altres despeses que et poden ajudar a pagar menys impostos.","og_url":"https:\/\/cccambrils.cat\/ca\/deduccions-autonomiques-renda-2025-2026-estalvi\/","og_site_name":"Asesor\u00eda Compta-Clar","article_published_time":"2026-04-08T13:24:48+00:00","article_modified_time":"2026-04-08T13:24:50+00:00","og_image":[{"width":1536,"height":1024,"url":"https:\/\/cccambrils.cat\/wp-content\/uploads\/2026\/04\/asesor-renta-2025-2026-deducciones.jpg","type":"image\/jpeg"}],"author":"Compta Clar","twitter_card":"summary_large_image","twitter_misc":{"Escrit per":"Compta Clar","Temps estimat de lectura":"3 minuts"},"schema":{"@context":"https:\/\/schema.org","@graph":[{"@type":"Article","@id":"https:\/\/cccambrils.cat\/ca\/deduccions-autonomiques-renda-2025-2026-estalvi\/#article","isPartOf":{"@id":"https:\/\/cccambrils.cat\/ca\/deduccions-autonomiques-renda-2025-2026-estalvi\/"},"author":{"name":"Compta Clar","@id":"https:\/\/cccambrils.cat\/#\/schema\/person\/9902b120a50b716a1ea72a822d13a1d2"},"headline":"Com aprofitar les deduccions auton\u00f2miques a la Renda 2025-2026 i pagar menys","datePublished":"2026-04-08T13:24:48+00:00","dateModified":"2026-04-08T13:24:50+00:00","mainEntityOfPage":{"@id":"https:\/\/cccambrils.cat\/ca\/deduccions-autonomiques-renda-2025-2026-estalvi\/"},"wordCount":535,"publisher":{"@id":"https:\/\/cccambrils.cat\/#organization"},"image":{"@id":"https:\/\/cccambrils.cat\/ca\/deduccions-autonomiques-renda-2025-2026-estalvi\/#primaryimage"},"thumbnailUrl":"https:\/\/cccambrils.cat\/wp-content\/uploads\/2026\/04\/asesor-renta-2025-2026-deducciones.jpg","keywords":["declaraci\u00f3 de la renda","despeses dedu\u00efbles","renda","renda 2025"],"articleSection":["Renda"],"inLanguage":"ca"},{"@type":"WebPage","@id":"https:\/\/cccambrils.cat\/ca\/deduccions-autonomiques-renda-2025-2026-estalvi\/","url":"https:\/\/cccambrils.cat\/ca\/deduccions-autonomiques-renda-2025-2026-estalvi\/","name":"Deduccions auton\u00f2miques a la Renda 2025-2026: com estalviar amb el gimn\u00e0s i l\u2019habitatge","isPartOf":{"@id":"https:\/\/cccambrils.cat\/#website"},"primaryImageOfPage":{"@id":"https:\/\/cccambrils.cat\/ca\/deduccions-autonomiques-renda-2025-2026-estalvi\/#primaryimage"},"image":{"@id":"https:\/\/cccambrils.cat\/ca\/deduccions-autonomiques-renda-2025-2026-estalvi\/#primaryimage"},"thumbnailUrl":"https:\/\/cccambrils.cat\/wp-content\/uploads\/2026\/04\/asesor-renta-2025-2026-deducciones.jpg","datePublished":"2026-04-08T13:24:48+00:00","dateModified":"2026-04-08T13:24:50+00:00","description":"Descobreix com aprofitar les deduccions auton\u00f2miques a la Renda 2025-2026: gimn\u00e0s, habitatge i altres despeses que et poden ajudar a pagar menys impostos.","breadcrumb":{"@id":"https:\/\/cccambrils.cat\/ca\/deduccions-autonomiques-renda-2025-2026-estalvi\/#breadcrumb"},"inLanguage":"ca","potentialAction":[{"@type":"ReadAction","target":["https:\/\/cccambrils.cat\/ca\/deduccions-autonomiques-renda-2025-2026-estalvi\/"]}]},{"@type":"ImageObject","inLanguage":"ca","@id":"https:\/\/cccambrils.cat\/ca\/deduccions-autonomiques-renda-2025-2026-estalvi\/#primaryimage","url":"https:\/\/cccambrils.cat\/wp-content\/uploads\/2026\/04\/asesor-renta-2025-2026-deducciones.jpg","contentUrl":"https:\/\/cccambrils.cat\/wp-content\/uploads\/2026\/04\/asesor-renta-2025-2026-deducciones.jpg","width":1536,"height":1024,"caption":"Pareja reunida con asesor fiscal revisando la declaraci\u00f3n de la renta 2025-2026 y deducciones auton\u00f3micas"},{"@type":"BreadcrumbList","@id":"https:\/\/cccambrils.cat\/ca\/deduccions-autonomiques-renda-2025-2026-estalvi\/#breadcrumb","itemListElement":[{"@type":"ListItem","position":1,"name":"Portada","item":"https:\/\/cccambrils.cat\/ca\/"},{"@type":"ListItem","position":2,"name":"Com aprofitar les deduccions auton\u00f2miques a la Renda 2025-2026 i pagar menys"}]},{"@type":"WebSite","@id":"https:\/\/cccambrils.cat\/#website","url":"https:\/\/cccambrils.cat\/","name":"Asesor\u00eda Compta-Clar","description":"Asesor\u00eda profesional en Cambrils, Reus y Tarragona","publisher":{"@id":"https:\/\/cccambrils.cat\/#organization"},"potentialAction":[{"@type":"SearchAction","target":{"@type":"EntryPoint","urlTemplate":"https:\/\/cccambrils.cat\/?s={search_term_string}"},"query-input":{"@type":"PropertyValueSpecification","valueRequired":true,"valueName":"search_term_string"}}],"inLanguage":"ca"},{"@type":"Organization","@id":"https:\/\/cccambrils.cat\/#organization","name":"Asesor\u00eda Compta-Clar","url":"https:\/\/cccambrils.cat\/","logo":{"@type":"ImageObject","inLanguage":"ca","@id":"https:\/\/cccambrils.cat\/#\/schema\/logo\/image\/","url":"","contentUrl":"","caption":"Asesor\u00eda Compta-Clar"},"image":{"@id":"https:\/\/cccambrils.cat\/#\/schema\/logo\/image\/"}},{"@type":"Person","@id":"https:\/\/cccambrils.cat\/#\/schema\/person\/9902b120a50b716a1ea72a822d13a1d2","name":"Compta Clar","image":{"@type":"ImageObject","inLanguage":"ca","@id":"https:\/\/secure.gravatar.com\/avatar\/5d5a70e0d55973c8bac1d128e2e64d8debf58c20003b272166918508e37ceaa2?s=96&d=mm&r=g","url":"https:\/\/secure.gravatar.com\/avatar\/5d5a70e0d55973c8bac1d128e2e64d8debf58c20003b272166918508e37ceaa2?s=96&d=mm&r=g","contentUrl":"https:\/\/secure.gravatar.com\/avatar\/5d5a70e0d55973c8bac1d128e2e64d8debf58c20003b272166918508e37ceaa2?s=96&d=mm&r=g","caption":"Compta Clar"}}]}},"_links":{"self":[{"href":"https:\/\/cccambrils.cat\/ca\/wp-json\/wp\/v2\/posts\/7744","targetHints":{"allow":["GET"]}}],"collection":[{"href":"https:\/\/cccambrils.cat\/ca\/wp-json\/wp\/v2\/posts"}],"about":[{"href":"https:\/\/cccambrils.cat\/ca\/wp-json\/wp\/v2\/types\/post"}],"author":[{"embeddable":true,"href":"https:\/\/cccambrils.cat\/ca\/wp-json\/wp\/v2\/users\/1"}],"replies":[{"embeddable":true,"href":"https:\/\/cccambrils.cat\/ca\/wp-json\/wp\/v2\/comments?post=7744"}],"version-history":[{"count":1,"href":"https:\/\/cccambrils.cat\/ca\/wp-json\/wp\/v2\/posts\/7744\/revisions"}],"predecessor-version":[{"id":7745,"href":"https:\/\/cccambrils.cat\/ca\/wp-json\/wp\/v2\/posts\/7744\/revisions\/7745"}],"wp:featuredmedia":[{"embeddable":true,"href":"https:\/\/cccambrils.cat\/ca\/wp-json\/wp\/v2\/media\/7742"}],"wp:attachment":[{"href":"https:\/\/cccambrils.cat\/ca\/wp-json\/wp\/v2\/media?parent=7744"}],"wp:term":[{"taxonomy":"category","embeddable":true,"href":"https:\/\/cccambrils.cat\/ca\/wp-json\/wp\/v2\/categories?post=7744"},{"taxonomy":"post_tag","embeddable":true,"href":"https:\/\/cccambrils.cat\/ca\/wp-json\/wp\/v2\/tags?post=7744"}],"curies":[{"name":"wp","href":"https:\/\/api.w.org\/{rel}","templated":true}]}}