{"id":7738,"date":"2026-04-07T15:30:42","date_gmt":"2026-04-07T13:30:42","guid":{"rendered":"https:\/\/cccambrils.cat\/?p=7738"},"modified":"2026-04-07T15:30:44","modified_gmt":"2026-04-07T13:30:44","slug":"deduccions-fiscals-majors-comunitats","status":"publish","type":"post","link":"https:\/\/cccambrils.cat\/ca\/deduccions-fiscals-majors-comunitats\/","title":{"rendered":"Deduccions fiscals a la declaraci\u00f3 de la Renda per a majors: qu\u00e8 ofereix cada comunitat aut\u00f2noma"},"content":{"rendered":"\n<p>A l\u2019hora de presentar la declaraci\u00f3 de l\u2019Impost sobre la Renda de les Persones F\u00edsiques (IRPF), les persones grans poden beneficiar-se d\u2019una s\u00e8rie d\u2019incentius fiscals espec\u00edfics. Aquests beneficis depenen en gran mesura del lloc de resid\u00e8ncia, ja que cada comunitat aut\u00f2noma aplica les seves pr\u00f2pies deduccions a la part auton\u00f2mica de l\u2019impost.<\/p>\n\n\n\n<!--more-->\n\n\n\n<p>A continuaci\u00f3, t\u2019expliquem de manera clara i organitzada quin tipus d\u2019avantatges fiscals existeixen per a majors de 65 anys (o d\u2019altres edats) a cada regi\u00f3.<\/p>\n\n\n\n<p><strong>Andalusia<\/strong><br>A Andalusia, els majors de 65 anys poden desgravar part del lloguer del seu habitatge habitual. Amb l\u00edmits d\u2019ingressos i requisits espec\u00edfics, aquesta deducci\u00f3 pot suposar un alleujament per a pensionistes que visquin en r\u00e8gim de lloguer.<\/p>\n\n\n\n<p>A m\u00e9s, existeixen desgravacions per a fam\u00edlies monoparentals amb ascendents majors de 75 anys i deduccions vinculades a la contractaci\u00f3 de treballadors de la llar.<\/p>\n\n\n\n<p><strong>Arag\u00f3<\/strong><br>Arag\u00f3 ofereix un sistema de deduccions per conviv\u00e8ncia amb persones dependents o majors de 75 anys, aix\u00ed com beneficis addicionals si es resideix en zones rurals afectades per la despoblaci\u00f3. Tamb\u00e9 hi ha una deducci\u00f3 per a majors de 70 anys amb baixos ingressos.<\/p>\n\n\n\n<p><strong>Ast\u00faries<\/strong><br>Al Principat d\u2019Ast\u00faries, es contempla una deducci\u00f3 per a qui acull persones majors de 65 anys al seu domicili sense rebre contraprestaci\u00f3 econ\u00f2mica, sempre que no hi hagi vinculaci\u00f3 familiar i es compleixin diversos requisits.<\/p>\n\n\n\n<p><strong>Can\u00e0ries<\/strong><br>Can\u00e0ries destaca per un cat\u00e0leg for\u00e7a ampli: a m\u00e9s de deduccions per discapacitat, ofereix una reducci\u00f3 per a majors de 65 anys, desgravacions per lloguer o per obres d\u2019adaptaci\u00f3 de l\u2019habitatge, i avantatges fiscals vinculades a la contractaci\u00f3 d\u2019assist\u00e8ncia dom\u00e8stica.<\/p>\n\n\n\n<p><strong>Cant\u00e0bria<\/strong><br>Els majors de 65 poden obtenir una deducci\u00f3 per lloguer a Cant\u00e0bria, aix\u00ed com incentius per cura o assist\u00e8ncia dom\u00e8stica i per conviv\u00e8ncia amb ascendents majors o dependents.<\/p>\n\n\n\n<p><strong>Castella\u2011La Manxa<\/strong><br>En aquesta comunitat, els majors de 75 anys compten amb una deducci\u00f3 directa al tram auton\u00f2mic de la Renda. Tamb\u00e9 existeixen incentius per cura d\u2019ascendents i per acolliment no remunerat de persones majors de 65 anys.<\/p>\n\n\n\n<p><strong>Castella i Lle\u00f3<\/strong><br>La normativa auton\u00f2mica s\u2019orienta m\u00e9s cap a incentius fiscals per a majors amb discapacitat acreditada, tot i que hi ha l\u00edmits i requisits espec\u00edfics relacionats amb la renda i la resid\u00e8ncia.<\/p>\n\n\n\n<p><strong>Catalunya<\/strong><br>A Catalunya, les deduccions per a majors es vinculen principalment al lloguer de l\u2019habitatge habitual, especialment per a contribuents vidus de 65 anys o m\u00e9s.<\/p>\n\n\n\n<p><strong>Gal\u00edcia<\/strong><br>Gal\u00edcia ofereix deduccions per a majors de 65 anys amb discapacitat que necessiten ajuda de tercers, permetent desgravar part de les despeses d\u2019assist\u00e8ncia personal en determinades condicions.<\/p>\n\n\n\n<p><strong>Comunitat de Madrid<\/strong><br>La Comunitat de Madrid compta amb deduccions rellevants vinculades a l\u2019acolliment no remunerat de persones majors de 65 anys i a la cura d\u2019ascendents, aix\u00ed com beneficis relacionats amb la contractaci\u00f3 de treballadors de la llar per a cures.<\/p>\n\n\n\n<p><strong>Regi\u00f3 de M\u00farcia<\/strong><br>M\u00farcia combina diverses deduccions: per cura de majors de 65 anys mitjan\u00e7ant treballadors de la llar, per acolliment no remunerat i altres mesures fiscals orientades a donar suport a fam\u00edlies i treballadors.<\/p>\n\n\n\n<p><strong>La Rioja<\/strong><br>La Rioja permet deduir despeses en activitats esportives fins a certs l\u00edmits, aplicables tamb\u00e9 a ascendents majors de 65 anys.<\/p>\n\n\n\n<p><strong>Per qu\u00e8 varien tant aquestes deduccions?<\/strong><br>Encara que l\u2019IRPF \u00e9s un impost estatal, les comunitats aut\u00f2nomes tenen compet\u00e8ncia per establir deduccions pr\u00f2pies a la part auton\u00f2mica de l\u2019impost. Aix\u00f2 explica per qu\u00e8 dos jubilats amb ingressos similars poden acabar pagant quantitats molt diferents segons on visquin.<\/p>\n","protected":false},"excerpt":{"rendered":"<p>A l\u2019hora de presentar la declaraci\u00f3 de l\u2019Impost sobre la Renda de les Persones F\u00edsiques (IRPF), les persones grans poden beneficiar-se d\u2019una s\u00e8rie d\u2019incentius fiscals espec\u00edfics. Aquests beneficis depenen en gran mesura del lloc de resid\u00e8ncia, ja que cada comunitat aut\u00f2noma aplica les seves pr\u00f2pies deduccions a la part auton\u00f2mica<\/p>\n","protected":false},"author":1,"featured_media":7736,"comment_status":"closed","ping_status":"closed","sticky":false,"template":"","format":"standard","meta":{"footnotes":""},"categories":[70,52,50],"tags":[92,86,85],"class_list":["post-7738","post","type-post","status-publish","format-standard","has-post-thumbnail","hentry","category-fiscal-2","category-pensions","category-renda","tag-asesoria-fiscal","tag-declaracio-de-la-renda","tag-renda"],"yoast_head":"<!-- This site is optimized with the Yoast SEO plugin v27.5 - https:\/\/yoast.com\/product\/yoast-seo-wordpress\/ -->\n<title>Deduccions fiscals a la declaraci\u00f3 de la Renda per a majors: qu\u00e8 ofereix cada comunitat aut\u00f2noma - Asesor\u00eda Compta-Clar<\/title>\n<meta name=\"description\" content=\"Descobreix les deduccions fiscals disponibles per a majors a cada comunitat aut\u00f2noma d\u2019Espanya. Guia completa per aprofitar avantatges a la declaraci\u00f3 de la Renda\" \/>\n<meta name=\"robots\" content=\"index, follow, max-snippet:-1, max-image-preview:large, max-video-preview:-1\" \/>\n<link rel=\"canonical\" href=\"https:\/\/cccambrils.cat\/ca\/deduccions-fiscals-majors-comunitats\/\" \/>\n<meta property=\"og:locale\" content=\"ca_ES\" \/>\n<meta property=\"og:type\" content=\"article\" \/>\n<meta property=\"og:title\" content=\"Deduccions fiscals a la declaraci\u00f3 de la Renda per a majors: qu\u00e8 ofereix cada comunitat aut\u00f2noma - Asesor\u00eda Compta-Clar\" \/>\n<meta property=\"og:description\" content=\"Descobreix les deduccions fiscals disponibles per a majors a cada comunitat aut\u00f2noma d\u2019Espanya. Guia completa per aprofitar avantatges a la declaraci\u00f3 de la Renda\" \/>\n<meta property=\"og:url\" content=\"https:\/\/cccambrils.cat\/ca\/deduccions-fiscals-majors-comunitats\/\" \/>\n<meta property=\"og:site_name\" content=\"Asesor\u00eda Compta-Clar\" \/>\n<meta property=\"article:published_time\" content=\"2026-04-07T13:30:42+00:00\" \/>\n<meta property=\"article:modified_time\" content=\"2026-04-07T13:30:44+00:00\" \/>\n<meta property=\"og:image\" content=\"https:\/\/cccambrils.cat\/wp-content\/uploads\/2026\/04\/deducciones-renta-mayores-asesor.jpg\" \/>\n\t<meta property=\"og:image:width\" content=\"1536\" \/>\n\t<meta property=\"og:image:height\" content=\"1024\" \/>\n\t<meta property=\"og:image:type\" content=\"image\/jpeg\" \/>\n<meta name=\"author\" content=\"Compta Clar\" \/>\n<meta name=\"twitter:card\" content=\"summary_large_image\" \/>\n<meta name=\"twitter:label1\" content=\"Escrit per\" \/>\n\t<meta name=\"twitter:data1\" content=\"Compta Clar\" \/>\n\t<meta name=\"twitter:label2\" content=\"Temps estimat de lectura\" \/>\n\t<meta name=\"twitter:data2\" content=\"3 minuts\" \/>\n<script type=\"application\/ld+json\" class=\"yoast-schema-graph\">{\"@context\":\"https:\\\/\\\/schema.org\",\"@graph\":[{\"@type\":\"Article\",\"@id\":\"https:\\\/\\\/cccambrils.cat\\\/ca\\\/deduccions-fiscals-majors-comunitats\\\/#article\",\"isPartOf\":{\"@id\":\"https:\\\/\\\/cccambrils.cat\\\/ca\\\/deduccions-fiscals-majors-comunitats\\\/\"},\"author\":{\"name\":\"Compta Clar\",\"@id\":\"https:\\\/\\\/cccambrils.cat\\\/#\\\/schema\\\/person\\\/9902b120a50b716a1ea72a822d13a1d2\"},\"headline\":\"Deduccions fiscals a la declaraci\u00f3 de la Renda per a majors: qu\u00e8 ofereix cada comunitat aut\u00f2noma\",\"datePublished\":\"2026-04-07T13:30:42+00:00\",\"dateModified\":\"2026-04-07T13:30:44+00:00\",\"mainEntityOfPage\":{\"@id\":\"https:\\\/\\\/cccambrils.cat\\\/ca\\\/deduccions-fiscals-majors-comunitats\\\/\"},\"wordCount\":633,\"publisher\":{\"@id\":\"https:\\\/\\\/cccambrils.cat\\\/#organization\"},\"image\":{\"@id\":\"https:\\\/\\\/cccambrils.cat\\\/ca\\\/deduccions-fiscals-majors-comunitats\\\/#primaryimage\"},\"thumbnailUrl\":\"https:\\\/\\\/cccambrils.cat\\\/wp-content\\\/uploads\\\/2026\\\/04\\\/deducciones-renta-mayores-asesor.jpg\",\"keywords\":[\"asesor\u00eda fiscal\",\"declaraci\u00f3 de la renda\",\"renda\"],\"articleSection\":[\"Fiscal\",\"Pensions\",\"Renda\"],\"inLanguage\":\"ca\"},{\"@type\":\"WebPage\",\"@id\":\"https:\\\/\\\/cccambrils.cat\\\/ca\\\/deduccions-fiscals-majors-comunitats\\\/\",\"url\":\"https:\\\/\\\/cccambrils.cat\\\/ca\\\/deduccions-fiscals-majors-comunitats\\\/\",\"name\":\"Deduccions fiscals a la declaraci\u00f3 de la Renda per a majors: qu\u00e8 ofereix cada comunitat aut\u00f2noma - Asesor\u00eda Compta-Clar\",\"isPartOf\":{\"@id\":\"https:\\\/\\\/cccambrils.cat\\\/#website\"},\"primaryImageOfPage\":{\"@id\":\"https:\\\/\\\/cccambrils.cat\\\/ca\\\/deduccions-fiscals-majors-comunitats\\\/#primaryimage\"},\"image\":{\"@id\":\"https:\\\/\\\/cccambrils.cat\\\/ca\\\/deduccions-fiscals-majors-comunitats\\\/#primaryimage\"},\"thumbnailUrl\":\"https:\\\/\\\/cccambrils.cat\\\/wp-content\\\/uploads\\\/2026\\\/04\\\/deducciones-renta-mayores-asesor.jpg\",\"datePublished\":\"2026-04-07T13:30:42+00:00\",\"dateModified\":\"2026-04-07T13:30:44+00:00\",\"description\":\"Descobreix les deduccions fiscals disponibles per a majors a cada comunitat aut\u00f2noma d\u2019Espanya. Guia completa per aprofitar avantatges a la declaraci\u00f3 de la Renda\",\"breadcrumb\":{\"@id\":\"https:\\\/\\\/cccambrils.cat\\\/ca\\\/deduccions-fiscals-majors-comunitats\\\/#breadcrumb\"},\"inLanguage\":\"ca\",\"potentialAction\":[{\"@type\":\"ReadAction\",\"target\":[\"https:\\\/\\\/cccambrils.cat\\\/ca\\\/deduccions-fiscals-majors-comunitats\\\/\"]}]},{\"@type\":\"ImageObject\",\"inLanguage\":\"ca\",\"@id\":\"https:\\\/\\\/cccambrils.cat\\\/ca\\\/deduccions-fiscals-majors-comunitats\\\/#primaryimage\",\"url\":\"https:\\\/\\\/cccambrils.cat\\\/wp-content\\\/uploads\\\/2026\\\/04\\\/deducciones-renta-mayores-asesor.jpg\",\"contentUrl\":\"https:\\\/\\\/cccambrils.cat\\\/wp-content\\\/uploads\\\/2026\\\/04\\\/deducciones-renta-mayores-asesor.jpg\",\"width\":1536,\"height\":1024,\"caption\":\"Pareja de jubilados recibiendo asesoramiento fiscal sobre la declaraci\u00f3n de la renta con un asesor financiero, revisando deducciones en una mesa con documentos.\"},{\"@type\":\"BreadcrumbList\",\"@id\":\"https:\\\/\\\/cccambrils.cat\\\/ca\\\/deduccions-fiscals-majors-comunitats\\\/#breadcrumb\",\"itemListElement\":[{\"@type\":\"ListItem\",\"position\":1,\"name\":\"Portada\",\"item\":\"https:\\\/\\\/cccambrils.cat\\\/ca\\\/\"},{\"@type\":\"ListItem\",\"position\":2,\"name\":\"Deduccions fiscals a la declaraci\u00f3 de la Renda per a majors: qu\u00e8 ofereix cada comunitat aut\u00f2noma\"}]},{\"@type\":\"WebSite\",\"@id\":\"https:\\\/\\\/cccambrils.cat\\\/#website\",\"url\":\"https:\\\/\\\/cccambrils.cat\\\/\",\"name\":\"Asesor\u00eda Compta-Clar\",\"description\":\"Asesor\u00eda profesional en Cambrils, Reus y Tarragona\",\"publisher\":{\"@id\":\"https:\\\/\\\/cccambrils.cat\\\/#organization\"},\"potentialAction\":[{\"@type\":\"SearchAction\",\"target\":{\"@type\":\"EntryPoint\",\"urlTemplate\":\"https:\\\/\\\/cccambrils.cat\\\/?s={search_term_string}\"},\"query-input\":{\"@type\":\"PropertyValueSpecification\",\"valueRequired\":true,\"valueName\":\"search_term_string\"}}],\"inLanguage\":\"ca\"},{\"@type\":\"Organization\",\"@id\":\"https:\\\/\\\/cccambrils.cat\\\/#organization\",\"name\":\"Asesor\u00eda Compta-Clar\",\"url\":\"https:\\\/\\\/cccambrils.cat\\\/\",\"logo\":{\"@type\":\"ImageObject\",\"inLanguage\":\"ca\",\"@id\":\"https:\\\/\\\/cccambrils.cat\\\/#\\\/schema\\\/logo\\\/image\\\/\",\"url\":\"\",\"contentUrl\":\"\",\"caption\":\"Asesor\u00eda Compta-Clar\"},\"image\":{\"@id\":\"https:\\\/\\\/cccambrils.cat\\\/#\\\/schema\\\/logo\\\/image\\\/\"}},{\"@type\":\"Person\",\"@id\":\"https:\\\/\\\/cccambrils.cat\\\/#\\\/schema\\\/person\\\/9902b120a50b716a1ea72a822d13a1d2\",\"name\":\"Compta Clar\",\"image\":{\"@type\":\"ImageObject\",\"inLanguage\":\"ca\",\"@id\":\"https:\\\/\\\/secure.gravatar.com\\\/avatar\\\/5d5a70e0d55973c8bac1d128e2e64d8debf58c20003b272166918508e37ceaa2?s=96&d=mm&r=g\",\"url\":\"https:\\\/\\\/secure.gravatar.com\\\/avatar\\\/5d5a70e0d55973c8bac1d128e2e64d8debf58c20003b272166918508e37ceaa2?s=96&d=mm&r=g\",\"contentUrl\":\"https:\\\/\\\/secure.gravatar.com\\\/avatar\\\/5d5a70e0d55973c8bac1d128e2e64d8debf58c20003b272166918508e37ceaa2?s=96&d=mm&r=g\",\"caption\":\"Compta Clar\"}}]}<\/script>\n<!-- \/ Yoast SEO plugin. -->","yoast_head_json":{"title":"Deduccions fiscals a la declaraci\u00f3 de la Renda per a majors: qu\u00e8 ofereix cada comunitat aut\u00f2noma - Asesor\u00eda Compta-Clar","description":"Descobreix les deduccions fiscals disponibles per a majors a cada comunitat aut\u00f2noma d\u2019Espanya. Guia completa per aprofitar avantatges a la declaraci\u00f3 de la Renda","robots":{"index":"index","follow":"follow","max-snippet":"max-snippet:-1","max-image-preview":"max-image-preview:large","max-video-preview":"max-video-preview:-1"},"canonical":"https:\/\/cccambrils.cat\/ca\/deduccions-fiscals-majors-comunitats\/","og_locale":"ca_ES","og_type":"article","og_title":"Deduccions fiscals a la declaraci\u00f3 de la Renda per a majors: qu\u00e8 ofereix cada comunitat aut\u00f2noma - Asesor\u00eda Compta-Clar","og_description":"Descobreix les deduccions fiscals disponibles per a majors a cada comunitat aut\u00f2noma d\u2019Espanya. Guia completa per aprofitar avantatges a la declaraci\u00f3 de la Renda","og_url":"https:\/\/cccambrils.cat\/ca\/deduccions-fiscals-majors-comunitats\/","og_site_name":"Asesor\u00eda Compta-Clar","article_published_time":"2026-04-07T13:30:42+00:00","article_modified_time":"2026-04-07T13:30:44+00:00","og_image":[{"width":1536,"height":1024,"url":"https:\/\/cccambrils.cat\/wp-content\/uploads\/2026\/04\/deducciones-renta-mayores-asesor.jpg","type":"image\/jpeg"}],"author":"Compta Clar","twitter_card":"summary_large_image","twitter_misc":{"Escrit per":"Compta Clar","Temps estimat de lectura":"3 minuts"},"schema":{"@context":"https:\/\/schema.org","@graph":[{"@type":"Article","@id":"https:\/\/cccambrils.cat\/ca\/deduccions-fiscals-majors-comunitats\/#article","isPartOf":{"@id":"https:\/\/cccambrils.cat\/ca\/deduccions-fiscals-majors-comunitats\/"},"author":{"name":"Compta Clar","@id":"https:\/\/cccambrils.cat\/#\/schema\/person\/9902b120a50b716a1ea72a822d13a1d2"},"headline":"Deduccions fiscals a la declaraci\u00f3 de la Renda per a majors: qu\u00e8 ofereix cada comunitat aut\u00f2noma","datePublished":"2026-04-07T13:30:42+00:00","dateModified":"2026-04-07T13:30:44+00:00","mainEntityOfPage":{"@id":"https:\/\/cccambrils.cat\/ca\/deduccions-fiscals-majors-comunitats\/"},"wordCount":633,"publisher":{"@id":"https:\/\/cccambrils.cat\/#organization"},"image":{"@id":"https:\/\/cccambrils.cat\/ca\/deduccions-fiscals-majors-comunitats\/#primaryimage"},"thumbnailUrl":"https:\/\/cccambrils.cat\/wp-content\/uploads\/2026\/04\/deducciones-renta-mayores-asesor.jpg","keywords":["asesor\u00eda fiscal","declaraci\u00f3 de la renda","renda"],"articleSection":["Fiscal","Pensions","Renda"],"inLanguage":"ca"},{"@type":"WebPage","@id":"https:\/\/cccambrils.cat\/ca\/deduccions-fiscals-majors-comunitats\/","url":"https:\/\/cccambrils.cat\/ca\/deduccions-fiscals-majors-comunitats\/","name":"Deduccions fiscals a la declaraci\u00f3 de la Renda per a majors: qu\u00e8 ofereix cada comunitat aut\u00f2noma - Asesor\u00eda Compta-Clar","isPartOf":{"@id":"https:\/\/cccambrils.cat\/#website"},"primaryImageOfPage":{"@id":"https:\/\/cccambrils.cat\/ca\/deduccions-fiscals-majors-comunitats\/#primaryimage"},"image":{"@id":"https:\/\/cccambrils.cat\/ca\/deduccions-fiscals-majors-comunitats\/#primaryimage"},"thumbnailUrl":"https:\/\/cccambrils.cat\/wp-content\/uploads\/2026\/04\/deducciones-renta-mayores-asesor.jpg","datePublished":"2026-04-07T13:30:42+00:00","dateModified":"2026-04-07T13:30:44+00:00","description":"Descobreix les deduccions fiscals disponibles per a majors a cada comunitat aut\u00f2noma d\u2019Espanya. Guia completa per aprofitar avantatges a la declaraci\u00f3 de la Renda","breadcrumb":{"@id":"https:\/\/cccambrils.cat\/ca\/deduccions-fiscals-majors-comunitats\/#breadcrumb"},"inLanguage":"ca","potentialAction":[{"@type":"ReadAction","target":["https:\/\/cccambrils.cat\/ca\/deduccions-fiscals-majors-comunitats\/"]}]},{"@type":"ImageObject","inLanguage":"ca","@id":"https:\/\/cccambrils.cat\/ca\/deduccions-fiscals-majors-comunitats\/#primaryimage","url":"https:\/\/cccambrils.cat\/wp-content\/uploads\/2026\/04\/deducciones-renta-mayores-asesor.jpg","contentUrl":"https:\/\/cccambrils.cat\/wp-content\/uploads\/2026\/04\/deducciones-renta-mayores-asesor.jpg","width":1536,"height":1024,"caption":"Pareja de jubilados recibiendo asesoramiento fiscal sobre la declaraci\u00f3n de la renta con un asesor financiero, revisando deducciones en una mesa con documentos."},{"@type":"BreadcrumbList","@id":"https:\/\/cccambrils.cat\/ca\/deduccions-fiscals-majors-comunitats\/#breadcrumb","itemListElement":[{"@type":"ListItem","position":1,"name":"Portada","item":"https:\/\/cccambrils.cat\/ca\/"},{"@type":"ListItem","position":2,"name":"Deduccions fiscals a la declaraci\u00f3 de la Renda per a majors: qu\u00e8 ofereix cada comunitat aut\u00f2noma"}]},{"@type":"WebSite","@id":"https:\/\/cccambrils.cat\/#website","url":"https:\/\/cccambrils.cat\/","name":"Asesor\u00eda Compta-Clar","description":"Asesor\u00eda profesional en Cambrils, Reus y Tarragona","publisher":{"@id":"https:\/\/cccambrils.cat\/#organization"},"potentialAction":[{"@type":"SearchAction","target":{"@type":"EntryPoint","urlTemplate":"https:\/\/cccambrils.cat\/?s={search_term_string}"},"query-input":{"@type":"PropertyValueSpecification","valueRequired":true,"valueName":"search_term_string"}}],"inLanguage":"ca"},{"@type":"Organization","@id":"https:\/\/cccambrils.cat\/#organization","name":"Asesor\u00eda Compta-Clar","url":"https:\/\/cccambrils.cat\/","logo":{"@type":"ImageObject","inLanguage":"ca","@id":"https:\/\/cccambrils.cat\/#\/schema\/logo\/image\/","url":"","contentUrl":"","caption":"Asesor\u00eda Compta-Clar"},"image":{"@id":"https:\/\/cccambrils.cat\/#\/schema\/logo\/image\/"}},{"@type":"Person","@id":"https:\/\/cccambrils.cat\/#\/schema\/person\/9902b120a50b716a1ea72a822d13a1d2","name":"Compta Clar","image":{"@type":"ImageObject","inLanguage":"ca","@id":"https:\/\/secure.gravatar.com\/avatar\/5d5a70e0d55973c8bac1d128e2e64d8debf58c20003b272166918508e37ceaa2?s=96&d=mm&r=g","url":"https:\/\/secure.gravatar.com\/avatar\/5d5a70e0d55973c8bac1d128e2e64d8debf58c20003b272166918508e37ceaa2?s=96&d=mm&r=g","contentUrl":"https:\/\/secure.gravatar.com\/avatar\/5d5a70e0d55973c8bac1d128e2e64d8debf58c20003b272166918508e37ceaa2?s=96&d=mm&r=g","caption":"Compta Clar"}}]}},"_links":{"self":[{"href":"https:\/\/cccambrils.cat\/ca\/wp-json\/wp\/v2\/posts\/7738","targetHints":{"allow":["GET"]}}],"collection":[{"href":"https:\/\/cccambrils.cat\/ca\/wp-json\/wp\/v2\/posts"}],"about":[{"href":"https:\/\/cccambrils.cat\/ca\/wp-json\/wp\/v2\/types\/post"}],"author":[{"embeddable":true,"href":"https:\/\/cccambrils.cat\/ca\/wp-json\/wp\/v2\/users\/1"}],"replies":[{"embeddable":true,"href":"https:\/\/cccambrils.cat\/ca\/wp-json\/wp\/v2\/comments?post=7738"}],"version-history":[{"count":1,"href":"https:\/\/cccambrils.cat\/ca\/wp-json\/wp\/v2\/posts\/7738\/revisions"}],"predecessor-version":[{"id":7739,"href":"https:\/\/cccambrils.cat\/ca\/wp-json\/wp\/v2\/posts\/7738\/revisions\/7739"}],"wp:featuredmedia":[{"embeddable":true,"href":"https:\/\/cccambrils.cat\/ca\/wp-json\/wp\/v2\/media\/7736"}],"wp:attachment":[{"href":"https:\/\/cccambrils.cat\/ca\/wp-json\/wp\/v2\/media?parent=7738"}],"wp:term":[{"taxonomy":"category","embeddable":true,"href":"https:\/\/cccambrils.cat\/ca\/wp-json\/wp\/v2\/categories?post=7738"},{"taxonomy":"post_tag","embeddable":true,"href":"https:\/\/cccambrils.cat\/ca\/wp-json\/wp\/v2\/tags?post=7738"}],"curies":[{"name":"wp","href":"https:\/\/api.w.org\/{rel}","templated":true}]}}