{"id":7699,"date":"2026-03-26T10:18:03","date_gmt":"2026-03-26T09:18:03","guid":{"rendered":"https:\/\/cccambrils.cat\/?p=7699"},"modified":"2026-03-26T10:20:10","modified_gmt":"2026-03-26T09:20:10","slug":"autonoms-sense-iva-85000-euros","status":"publish","type":"post","link":"https:\/\/cccambrils.cat\/ca\/autonoms-sense-iva-85000-euros\/","title":{"rendered":"Nou r\u00e8gim d\u2019IVA per a aut\u00f2noms: exempci\u00f3 per a ingressos inferiors a 85.000 euros"},"content":{"rendered":"\n<p>L\u2019Executiu ha decidit fer un gir en la seva pol\u00edtica fiscal respecte als treballadors per compte propi i preveu implantar un sistema que permetr\u00e0 deixar d\u2019aplicar l\u2019IVA a aquells aut\u00f2noms que no superin els 85.000 euros de facturaci\u00f3 anual.<\/p>\n\n\n\n<!--more-->\n\n\n\n<p>Aquesta mesura respon, en gran part, a la necessitat d\u2019adaptar la normativa espanyola a una directiva europea que ja preveu aquest r\u00e8gim simplificat. Fins ara, Espanya era una excepci\u00f3 dins de la Uni\u00f3 Europea per no haver incorporat aquest model.<\/p>\n\n\n\n<h3 class=\"wp-block-heading\">Un canvi vinculat al context pol\u00edtic<\/h3>\n\n\n\n<p>La decisi\u00f3 no arriba de manera a\u00efllada. El Govern ha acceptat aplicar aquest sistema en el marc de les negociacions per aprovar mesures econ\u00f2miques recents. En aquest context, el suport parlamentari ha estat clau per impulsar aquesta reforma fiscal.<\/p>\n\n\n\n<h3 class=\"wp-block-heading\">En qu\u00e8 consisteix aquest nou sistema?<\/h3>\n\n\n\n<p>El denominat \u201cIVA franquiciat\u201d permetr\u00e0 als aut\u00f2noms amb menor volum d\u2019ingressos quedar exempts de repercutir aquest impost a les seves factures. A m\u00e9s, suposar\u00e0 una simplificaci\u00f3 important de les seves obligacions administratives, reduint tr\u00e0mits i declaracions peri\u00f2diques.<\/p>\n\n\n\n<p>Tanmateix, aquest r\u00e8gim tamb\u00e9 comporta certes limitacions, com la impossibilitat de deduir l\u2019IVA suportat en les despeses, cosa que pot afectar de manera diferent segons l\u2019activitat.<\/p>\n\n\n\n<h3 class=\"wp-block-heading\">Impacte per als aut\u00f2noms<\/h3>\n\n\n\n<p>S\u2019estima que una part significativa del col\u00b7lectiu es podr\u00e0 beneficiar d\u2019aquesta mesura. En termes generals, pot suposar un estalvi anual i, sobretot, una reducci\u00f3 notable de la c\u00e0rrega burocr\u00e0tica.<\/p>\n\n\n\n<p>A Espanya, una proporci\u00f3 rellevant d\u2019aut\u00f2noms es troba per sota del llindar de facturaci\u00f3 establert, fet que evidencia l\u2019abast potencial de la reforma.<\/p>\n\n\n\n<h3 class=\"wp-block-heading\">Un pas cap a l\u2019harmonitzaci\u00f3 europea<\/h3>\n\n\n\n<p>Amb aquesta iniciativa, Espanya avan\u00e7aria cap a la converg\u00e8ncia amb la resta de pa\u00efsos de la UE en mat\u00e8ria fiscal per a petites empreses. Es tracta d\u2019una reivindicaci\u00f3 hist\u00f2rica del col\u00b7lectiu d\u2019aut\u00f2noms, que durant anys ha reclamat un sistema m\u00e9s senzill i adaptat a la realitat dels petits negocis.<\/p>\n","protected":false},"excerpt":{"rendered":"<p>L\u2019Executiu ha decidit fer un gir en la seva pol\u00edtica fiscal respecte als treballadors per compte propi i preveu implantar un sistema que permetr\u00e0 deixar d\u2019aplicar l\u2019IVA a aquells aut\u00f2noms que no superin els 85.000 euros de facturaci\u00f3 anual.<\/p>\n","protected":false},"author":1,"featured_media":7697,"comment_status":"closed","ping_status":"closed","sticky":false,"template":"","format":"standard","meta":{"footnotes":""},"categories":[44,24],"tags":[],"class_list":["post-7699","post","type-post","status-publish","format-standard","has-post-thumbnail","hentry","category-autonomos-ca","category-compta-clar-ca"],"yoast_head":"<!-- This site is optimized with the Yoast SEO plugin v27.5 - https:\/\/yoast.com\/product\/yoast-seo-wordpress\/ -->\n<title>Nou r\u00e8gim d\u2019IVA per a aut\u00f2noms: exempci\u00f3 per a ingressos inferiors a 85.000 euros - Asesor\u00eda Compta-Clar Aut\u00f2noms sense IVA fins a 85.000 \u20ac: requisits i com aplicar-lo<\/title>\n<meta name=\"description\" content=\"Els aut\u00f2noms que facturin menys de 85.000 \u20ac podran deixar d\u2019aplicar IVA. Descobreix com funciona el nou r\u00e8gim, requisits i avantatges.\" \/>\n<meta name=\"robots\" content=\"index, follow, max-snippet:-1, max-image-preview:large, max-video-preview:-1\" \/>\n<link rel=\"canonical\" href=\"https:\/\/cccambrils.cat\/ca\/autonoms-sense-iva-85000-euros\/\" \/>\n<meta property=\"og:locale\" content=\"ca_ES\" \/>\n<meta property=\"og:type\" content=\"article\" \/>\n<meta property=\"og:title\" content=\"Nou r\u00e8gim d\u2019IVA per a aut\u00f2noms: exempci\u00f3 per a ingressos inferiors a 85.000 euros - Asesor\u00eda Compta-Clar Aut\u00f2noms sense IVA fins a 85.000 \u20ac: requisits i com aplicar-lo\" \/>\n<meta property=\"og:description\" content=\"Els aut\u00f2noms que facturin menys de 85.000 \u20ac podran deixar d\u2019aplicar IVA. Descobreix com funciona el nou r\u00e8gim, requisits i avantatges.\" \/>\n<meta property=\"og:url\" content=\"https:\/\/cccambrils.cat\/ca\/autonoms-sense-iva-85000-euros\/\" \/>\n<meta property=\"og:site_name\" content=\"Asesor\u00eda Compta-Clar\" \/>\n<meta property=\"article:published_time\" content=\"2026-03-26T09:18:03+00:00\" \/>\n<meta property=\"article:modified_time\" content=\"2026-03-26T09:20:10+00:00\" \/>\n<meta property=\"og:image\" content=\"https:\/\/cccambrils.cat\/wp-content\/uploads\/2026\/03\/Asesor-fiscal-revisando-documentacion-con-cliente.jpg\" \/>\n\t<meta property=\"og:image:width\" content=\"1536\" \/>\n\t<meta property=\"og:image:height\" content=\"1024\" \/>\n\t<meta property=\"og:image:type\" content=\"image\/jpeg\" \/>\n<meta name=\"author\" content=\"Compta Clar\" \/>\n<meta name=\"twitter:card\" content=\"summary_large_image\" \/>\n<meta name=\"twitter:label1\" content=\"Escrit per\" \/>\n\t<meta name=\"twitter:data1\" content=\"Compta Clar\" \/>\n\t<meta name=\"twitter:label2\" content=\"Temps estimat de lectura\" \/>\n\t<meta name=\"twitter:data2\" content=\"2 minuts\" \/>\n<script type=\"application\/ld+json\" class=\"yoast-schema-graph\">{\"@context\":\"https:\\\/\\\/schema.org\",\"@graph\":[{\"@type\":\"Article\",\"@id\":\"https:\\\/\\\/cccambrils.cat\\\/ca\\\/autonoms-sense-iva-85000-euros\\\/#article\",\"isPartOf\":{\"@id\":\"https:\\\/\\\/cccambrils.cat\\\/ca\\\/autonoms-sense-iva-85000-euros\\\/\"},\"author\":{\"name\":\"Compta Clar\",\"@id\":\"https:\\\/\\\/cccambrils.cat\\\/#\\\/schema\\\/person\\\/9902b120a50b716a1ea72a822d13a1d2\"},\"headline\":\"Nou r\u00e8gim d\u2019IVA per a aut\u00f2noms: exempci\u00f3 per a ingressos inferiors a 85.000 euros\",\"datePublished\":\"2026-03-26T09:18:03+00:00\",\"dateModified\":\"2026-03-26T09:20:10+00:00\",\"mainEntityOfPage\":{\"@id\":\"https:\\\/\\\/cccambrils.cat\\\/ca\\\/autonoms-sense-iva-85000-euros\\\/\"},\"wordCount\":357,\"publisher\":{\"@id\":\"https:\\\/\\\/cccambrils.cat\\\/#organization\"},\"image\":{\"@id\":\"https:\\\/\\\/cccambrils.cat\\\/ca\\\/autonoms-sense-iva-85000-euros\\\/#primaryimage\"},\"thumbnailUrl\":\"https:\\\/\\\/cccambrils.cat\\\/wp-content\\\/uploads\\\/2026\\\/03\\\/Asesor-fiscal-revisando-documentacion-con-cliente.jpg\",\"articleSection\":[\"Aut\u00f3nomos\",\"Compta Clar @ca\"],\"inLanguage\":\"ca\"},{\"@type\":\"WebPage\",\"@id\":\"https:\\\/\\\/cccambrils.cat\\\/ca\\\/autonoms-sense-iva-85000-euros\\\/\",\"url\":\"https:\\\/\\\/cccambrils.cat\\\/ca\\\/autonoms-sense-iva-85000-euros\\\/\",\"name\":\"Nou r\u00e8gim d\u2019IVA per a aut\u00f2noms: exempci\u00f3 per a ingressos inferiors a 85.000 euros - Asesor\u00eda Compta-Clar Aut\u00f2noms sense IVA fins a 85.000 \u20ac: requisits i com aplicar-lo\",\"isPartOf\":{\"@id\":\"https:\\\/\\\/cccambrils.cat\\\/#website\"},\"primaryImageOfPage\":{\"@id\":\"https:\\\/\\\/cccambrils.cat\\\/ca\\\/autonoms-sense-iva-85000-euros\\\/#primaryimage\"},\"image\":{\"@id\":\"https:\\\/\\\/cccambrils.cat\\\/ca\\\/autonoms-sense-iva-85000-euros\\\/#primaryimage\"},\"thumbnailUrl\":\"https:\\\/\\\/cccambrils.cat\\\/wp-content\\\/uploads\\\/2026\\\/03\\\/Asesor-fiscal-revisando-documentacion-con-cliente.jpg\",\"datePublished\":\"2026-03-26T09:18:03+00:00\",\"dateModified\":\"2026-03-26T09:20:10+00:00\",\"description\":\"Els aut\u00f2noms que facturin menys de 85.000 \u20ac podran deixar d\u2019aplicar IVA. Descobreix com funciona el nou r\u00e8gim, requisits i avantatges.\",\"breadcrumb\":{\"@id\":\"https:\\\/\\\/cccambrils.cat\\\/ca\\\/autonoms-sense-iva-85000-euros\\\/#breadcrumb\"},\"inLanguage\":\"ca\",\"potentialAction\":[{\"@type\":\"ReadAction\",\"target\":[\"https:\\\/\\\/cccambrils.cat\\\/ca\\\/autonoms-sense-iva-85000-euros\\\/\"]}]},{\"@type\":\"ImageObject\",\"inLanguage\":\"ca\",\"@id\":\"https:\\\/\\\/cccambrils.cat\\\/ca\\\/autonoms-sense-iva-85000-euros\\\/#primaryimage\",\"url\":\"https:\\\/\\\/cccambrils.cat\\\/wp-content\\\/uploads\\\/2026\\\/03\\\/Asesor-fiscal-revisando-documentacion-con-cliente.jpg\",\"contentUrl\":\"https:\\\/\\\/cccambrils.cat\\\/wp-content\\\/uploads\\\/2026\\\/03\\\/Asesor-fiscal-revisando-documentacion-con-cliente.jpg\",\"width\":1536,\"height\":1024,\"caption\":\"Asesor fiscal ayudando a un aut\u00f3nomo a revisar documentaci\u00f3n y gesti\u00f3n del IVA\"},{\"@type\":\"BreadcrumbList\",\"@id\":\"https:\\\/\\\/cccambrils.cat\\\/ca\\\/autonoms-sense-iva-85000-euros\\\/#breadcrumb\",\"itemListElement\":[{\"@type\":\"ListItem\",\"position\":1,\"name\":\"Portada\",\"item\":\"https:\\\/\\\/cccambrils.cat\\\/ca\\\/\"},{\"@type\":\"ListItem\",\"position\":2,\"name\":\"Nou r\u00e8gim d\u2019IVA per a aut\u00f2noms: exempci\u00f3 per a ingressos inferiors a 85.000 euros\"}]},{\"@type\":\"WebSite\",\"@id\":\"https:\\\/\\\/cccambrils.cat\\\/#website\",\"url\":\"https:\\\/\\\/cccambrils.cat\\\/\",\"name\":\"Asesor\u00eda Compta-Clar\",\"description\":\"Asesor\u00eda profesional en Cambrils, Reus y Tarragona\",\"publisher\":{\"@id\":\"https:\\\/\\\/cccambrils.cat\\\/#organization\"},\"potentialAction\":[{\"@type\":\"SearchAction\",\"target\":{\"@type\":\"EntryPoint\",\"urlTemplate\":\"https:\\\/\\\/cccambrils.cat\\\/?s={search_term_string}\"},\"query-input\":{\"@type\":\"PropertyValueSpecification\",\"valueRequired\":true,\"valueName\":\"search_term_string\"}}],\"inLanguage\":\"ca\"},{\"@type\":\"Organization\",\"@id\":\"https:\\\/\\\/cccambrils.cat\\\/#organization\",\"name\":\"Asesor\u00eda Compta-Clar\",\"url\":\"https:\\\/\\\/cccambrils.cat\\\/\",\"logo\":{\"@type\":\"ImageObject\",\"inLanguage\":\"ca\",\"@id\":\"https:\\\/\\\/cccambrils.cat\\\/#\\\/schema\\\/logo\\\/image\\\/\",\"url\":\"\",\"contentUrl\":\"\",\"caption\":\"Asesor\u00eda Compta-Clar\"},\"image\":{\"@id\":\"https:\\\/\\\/cccambrils.cat\\\/#\\\/schema\\\/logo\\\/image\\\/\"}},{\"@type\":\"Person\",\"@id\":\"https:\\\/\\\/cccambrils.cat\\\/#\\\/schema\\\/person\\\/9902b120a50b716a1ea72a822d13a1d2\",\"name\":\"Compta Clar\",\"image\":{\"@type\":\"ImageObject\",\"inLanguage\":\"ca\",\"@id\":\"https:\\\/\\\/secure.gravatar.com\\\/avatar\\\/5d5a70e0d55973c8bac1d128e2e64d8debf58c20003b272166918508e37ceaa2?s=96&d=mm&r=g\",\"url\":\"https:\\\/\\\/secure.gravatar.com\\\/avatar\\\/5d5a70e0d55973c8bac1d128e2e64d8debf58c20003b272166918508e37ceaa2?s=96&d=mm&r=g\",\"contentUrl\":\"https:\\\/\\\/secure.gravatar.com\\\/avatar\\\/5d5a70e0d55973c8bac1d128e2e64d8debf58c20003b272166918508e37ceaa2?s=96&d=mm&r=g\",\"caption\":\"Compta Clar\"}}]}<\/script>\n<!-- \/ Yoast SEO plugin. -->","yoast_head_json":{"title":"Nou r\u00e8gim d\u2019IVA per a aut\u00f2noms: exempci\u00f3 per a ingressos inferiors a 85.000 euros - Asesor\u00eda Compta-Clar Aut\u00f2noms sense IVA fins a 85.000 \u20ac: requisits i com aplicar-lo","description":"Els aut\u00f2noms que facturin menys de 85.000 \u20ac podran deixar d\u2019aplicar IVA. Descobreix com funciona el nou r\u00e8gim, requisits i avantatges.","robots":{"index":"index","follow":"follow","max-snippet":"max-snippet:-1","max-image-preview":"max-image-preview:large","max-video-preview":"max-video-preview:-1"},"canonical":"https:\/\/cccambrils.cat\/ca\/autonoms-sense-iva-85000-euros\/","og_locale":"ca_ES","og_type":"article","og_title":"Nou r\u00e8gim d\u2019IVA per a aut\u00f2noms: exempci\u00f3 per a ingressos inferiors a 85.000 euros - Asesor\u00eda Compta-Clar Aut\u00f2noms sense IVA fins a 85.000 \u20ac: requisits i com aplicar-lo","og_description":"Els aut\u00f2noms que facturin menys de 85.000 \u20ac podran deixar d\u2019aplicar IVA. Descobreix com funciona el nou r\u00e8gim, requisits i avantatges.","og_url":"https:\/\/cccambrils.cat\/ca\/autonoms-sense-iva-85000-euros\/","og_site_name":"Asesor\u00eda Compta-Clar","article_published_time":"2026-03-26T09:18:03+00:00","article_modified_time":"2026-03-26T09:20:10+00:00","og_image":[{"width":1536,"height":1024,"url":"https:\/\/cccambrils.cat\/wp-content\/uploads\/2026\/03\/Asesor-fiscal-revisando-documentacion-con-cliente.jpg","type":"image\/jpeg"}],"author":"Compta Clar","twitter_card":"summary_large_image","twitter_misc":{"Escrit per":"Compta Clar","Temps estimat de lectura":"2 minuts"},"schema":{"@context":"https:\/\/schema.org","@graph":[{"@type":"Article","@id":"https:\/\/cccambrils.cat\/ca\/autonoms-sense-iva-85000-euros\/#article","isPartOf":{"@id":"https:\/\/cccambrils.cat\/ca\/autonoms-sense-iva-85000-euros\/"},"author":{"name":"Compta Clar","@id":"https:\/\/cccambrils.cat\/#\/schema\/person\/9902b120a50b716a1ea72a822d13a1d2"},"headline":"Nou r\u00e8gim d\u2019IVA per a aut\u00f2noms: exempci\u00f3 per a ingressos inferiors a 85.000 euros","datePublished":"2026-03-26T09:18:03+00:00","dateModified":"2026-03-26T09:20:10+00:00","mainEntityOfPage":{"@id":"https:\/\/cccambrils.cat\/ca\/autonoms-sense-iva-85000-euros\/"},"wordCount":357,"publisher":{"@id":"https:\/\/cccambrils.cat\/#organization"},"image":{"@id":"https:\/\/cccambrils.cat\/ca\/autonoms-sense-iva-85000-euros\/#primaryimage"},"thumbnailUrl":"https:\/\/cccambrils.cat\/wp-content\/uploads\/2026\/03\/Asesor-fiscal-revisando-documentacion-con-cliente.jpg","articleSection":["Aut\u00f3nomos","Compta Clar @ca"],"inLanguage":"ca"},{"@type":"WebPage","@id":"https:\/\/cccambrils.cat\/ca\/autonoms-sense-iva-85000-euros\/","url":"https:\/\/cccambrils.cat\/ca\/autonoms-sense-iva-85000-euros\/","name":"Nou r\u00e8gim d\u2019IVA per a aut\u00f2noms: exempci\u00f3 per a ingressos inferiors a 85.000 euros - Asesor\u00eda Compta-Clar Aut\u00f2noms sense IVA fins a 85.000 \u20ac: requisits i com aplicar-lo","isPartOf":{"@id":"https:\/\/cccambrils.cat\/#website"},"primaryImageOfPage":{"@id":"https:\/\/cccambrils.cat\/ca\/autonoms-sense-iva-85000-euros\/#primaryimage"},"image":{"@id":"https:\/\/cccambrils.cat\/ca\/autonoms-sense-iva-85000-euros\/#primaryimage"},"thumbnailUrl":"https:\/\/cccambrils.cat\/wp-content\/uploads\/2026\/03\/Asesor-fiscal-revisando-documentacion-con-cliente.jpg","datePublished":"2026-03-26T09:18:03+00:00","dateModified":"2026-03-26T09:20:10+00:00","description":"Els aut\u00f2noms que facturin menys de 85.000 \u20ac podran deixar d\u2019aplicar IVA. Descobreix com funciona el nou r\u00e8gim, requisits i avantatges.","breadcrumb":{"@id":"https:\/\/cccambrils.cat\/ca\/autonoms-sense-iva-85000-euros\/#breadcrumb"},"inLanguage":"ca","potentialAction":[{"@type":"ReadAction","target":["https:\/\/cccambrils.cat\/ca\/autonoms-sense-iva-85000-euros\/"]}]},{"@type":"ImageObject","inLanguage":"ca","@id":"https:\/\/cccambrils.cat\/ca\/autonoms-sense-iva-85000-euros\/#primaryimage","url":"https:\/\/cccambrils.cat\/wp-content\/uploads\/2026\/03\/Asesor-fiscal-revisando-documentacion-con-cliente.jpg","contentUrl":"https:\/\/cccambrils.cat\/wp-content\/uploads\/2026\/03\/Asesor-fiscal-revisando-documentacion-con-cliente.jpg","width":1536,"height":1024,"caption":"Asesor fiscal ayudando a un aut\u00f3nomo a revisar documentaci\u00f3n y gesti\u00f3n del IVA"},{"@type":"BreadcrumbList","@id":"https:\/\/cccambrils.cat\/ca\/autonoms-sense-iva-85000-euros\/#breadcrumb","itemListElement":[{"@type":"ListItem","position":1,"name":"Portada","item":"https:\/\/cccambrils.cat\/ca\/"},{"@type":"ListItem","position":2,"name":"Nou r\u00e8gim d\u2019IVA per a aut\u00f2noms: exempci\u00f3 per a ingressos inferiors a 85.000 euros"}]},{"@type":"WebSite","@id":"https:\/\/cccambrils.cat\/#website","url":"https:\/\/cccambrils.cat\/","name":"Asesor\u00eda Compta-Clar","description":"Asesor\u00eda profesional en Cambrils, Reus y Tarragona","publisher":{"@id":"https:\/\/cccambrils.cat\/#organization"},"potentialAction":[{"@type":"SearchAction","target":{"@type":"EntryPoint","urlTemplate":"https:\/\/cccambrils.cat\/?s={search_term_string}"},"query-input":{"@type":"PropertyValueSpecification","valueRequired":true,"valueName":"search_term_string"}}],"inLanguage":"ca"},{"@type":"Organization","@id":"https:\/\/cccambrils.cat\/#organization","name":"Asesor\u00eda Compta-Clar","url":"https:\/\/cccambrils.cat\/","logo":{"@type":"ImageObject","inLanguage":"ca","@id":"https:\/\/cccambrils.cat\/#\/schema\/logo\/image\/","url":"","contentUrl":"","caption":"Asesor\u00eda Compta-Clar"},"image":{"@id":"https:\/\/cccambrils.cat\/#\/schema\/logo\/image\/"}},{"@type":"Person","@id":"https:\/\/cccambrils.cat\/#\/schema\/person\/9902b120a50b716a1ea72a822d13a1d2","name":"Compta Clar","image":{"@type":"ImageObject","inLanguage":"ca","@id":"https:\/\/secure.gravatar.com\/avatar\/5d5a70e0d55973c8bac1d128e2e64d8debf58c20003b272166918508e37ceaa2?s=96&d=mm&r=g","url":"https:\/\/secure.gravatar.com\/avatar\/5d5a70e0d55973c8bac1d128e2e64d8debf58c20003b272166918508e37ceaa2?s=96&d=mm&r=g","contentUrl":"https:\/\/secure.gravatar.com\/avatar\/5d5a70e0d55973c8bac1d128e2e64d8debf58c20003b272166918508e37ceaa2?s=96&d=mm&r=g","caption":"Compta Clar"}}]}},"_links":{"self":[{"href":"https:\/\/cccambrils.cat\/ca\/wp-json\/wp\/v2\/posts\/7699","targetHints":{"allow":["GET"]}}],"collection":[{"href":"https:\/\/cccambrils.cat\/ca\/wp-json\/wp\/v2\/posts"}],"about":[{"href":"https:\/\/cccambrils.cat\/ca\/wp-json\/wp\/v2\/types\/post"}],"author":[{"embeddable":true,"href":"https:\/\/cccambrils.cat\/ca\/wp-json\/wp\/v2\/users\/1"}],"replies":[{"embeddable":true,"href":"https:\/\/cccambrils.cat\/ca\/wp-json\/wp\/v2\/comments?post=7699"}],"version-history":[{"count":2,"href":"https:\/\/cccambrils.cat\/ca\/wp-json\/wp\/v2\/posts\/7699\/revisions"}],"predecessor-version":[{"id":7701,"href":"https:\/\/cccambrils.cat\/ca\/wp-json\/wp\/v2\/posts\/7699\/revisions\/7701"}],"wp:featuredmedia":[{"embeddable":true,"href":"https:\/\/cccambrils.cat\/ca\/wp-json\/wp\/v2\/media\/7697"}],"wp:attachment":[{"href":"https:\/\/cccambrils.cat\/ca\/wp-json\/wp\/v2\/media?parent=7699"}],"wp:term":[{"taxonomy":"category","embeddable":true,"href":"https:\/\/cccambrils.cat\/ca\/wp-json\/wp\/v2\/categories?post=7699"},{"taxonomy":"post_tag","embeddable":true,"href":"https:\/\/cccambrils.cat\/ca\/wp-json\/wp\/v2\/tags?post=7699"}],"curies":[{"name":"wp","href":"https:\/\/api.w.org\/{rel}","templated":true}]}}