{"id":7686,"date":"2026-03-24T10:05:22","date_gmt":"2026-03-24T09:05:22","guid":{"rendered":"https:\/\/cccambrils.cat\/?p=7686"},"modified":"2026-03-24T10:05:24","modified_gmt":"2026-03-24T09:05:24","slug":"rebaixa-iva-gasolina-espanya-preu-combustible-2026","status":"publish","type":"post","link":"https:\/\/cccambrils.cat\/ca\/rebaixa-iva-gasolina-espanya-preu-combustible-2026\/","title":{"rendered":"Aix\u00ed impactar\u00e0 la rebaixa de l\u2019IVA en el preu de la gasolina a Espanya"},"content":{"rendered":"\n<p>El Govern ha anunciat una reducci\u00f3 de l\u2019IVA aplicat als carburants, que passar\u00e0 del 21% al 10%, com a part d\u2019un paquet de mesures destinades a mitigar l\u2019impacte econ\u00f2mic del context internacional actual, especialment l\u2019encariment de l\u2019energia.<\/p>\n\n\n\n<!--more-->\n\n\n\n<p>Aquesta decisi\u00f3 forma part d\u2019un pla m\u00e9s ampli aprovat en Consell de Ministres i que entrar\u00e0 en vigor despr\u00e9s de la seva publicaci\u00f3 al Butllet\u00ed Oficial de l\u2019Estat (BOE), previsiblement de manera immediata o l\u2019endem\u00e0. Tot i aix\u00f2, la seva continu\u00eftat dependr\u00e0 de la posterior convalidaci\u00f3 al Congr\u00e9s, que s\u2019haur\u00e0 de produir en un termini m\u00e0xim de 30 dies.<\/p>\n\n\n\n<h3 class=\"wp-block-heading\">Quant baixar\u00e0 realment la gasolina?<\/h3>\n\n\n\n<p>Tot i que la reducci\u00f3 de l\u2019IVA \u00e9s significativa, el seu efecte directe en el preu final del combustible ser\u00e0 parcial. Els experts estimen que aquesta mesura suposar\u00e0 una rebaixa aproximada d\u2019entre 10 i 15 c\u00e8ntims per litre.<\/p>\n\n\n\n<p>Tanmateix, aquest descens podria ser m\u00e9s gran si s\u2019hi suma la reducci\u00f3 de l\u2019impost especial sobre hidrocarburs, una altra de les mesures incloses en el pla. En conjunt, l\u2019estalvi podria situar-se al voltant dels 20 c\u00e8ntims per litre, i fins i tot arribar als 30 c\u00e8ntims en alguns casos, depenent del tipus de carburant.<\/p>\n\n\n\n<h3 class=\"wp-block-heading\">Estalvi per als conductors<\/h3>\n\n\n\n<p>Traslladat a un \u00fas habitual, aquesta baixada de preus podria representar un estalvi proper als 20 euros per dip\u00f2sit en un vehicle mitj\u00e0, una xifra rellevant en un context de gran volatilitat en els mercats energ\u00e8tics.<\/p>\n\n\n\n<h3 class=\"wp-block-heading\">Una mesura condicionada pel context internacional<\/h3>\n\n\n\n<p>L\u2019origen d\u2019aquesta iniciativa es troba en l\u2019escalada dels preus energ\u00e8tics derivada del conflicte a l\u2019Orient Pr\u00f2xim, que ha encarit el petroli a nivell global. Davant aquesta situaci\u00f3, l\u2019Executiu ha optat per reduir la c\u00e0rrega fiscal sobre els carburants com a via per alleujar l\u2019impacte en les llars i en els sectors productius.<\/p>\n\n\n\n<h3 class=\"wp-block-heading\">Aplicaci\u00f3 i possibles canvis<\/h3>\n\n\n\n<p>Tot i que la rebaixa de l\u2019IVA s\u2019aplicar\u00e0 de manera immediata despr\u00e9s de la seva aprovaci\u00f3, el seu car\u00e0cter inicial \u00e9s provisional. El Congr\u00e9s haur\u00e0 de ratificar el decret perqu\u00e8 la mesura es mantingui en el temps. En cas contrari, es revertiria la situaci\u00f3 i els impostos tornarien al seu nivell anterior.<\/p>\n","protected":false},"excerpt":{"rendered":"<p>El Govern ha anunciat una reducci\u00f3 de l\u2019IVA aplicat als carburants, que passar\u00e0 del 21% al 10%, com a part d\u2019un paquet de mesures destinades a mitigar l\u2019impacte econ\u00f2mic del context internacional actual, especialment l\u2019encariment de l\u2019energia.<\/p>\n","protected":false},"author":1,"featured_media":7683,"comment_status":"closed","ping_status":"closed","sticky":false,"template":"","format":"standard","meta":{"footnotes":""},"categories":[44,46],"tags":[58,60,59,57],"class_list":["post-7686","post","type-post","status-publish","format-standard","has-post-thumbnail","hentry","category-autonomos-ca","category-empresas-ca","tag-gasolina-espanya","tag-impostos-carburants","tag-preu-combustible","tag-rebaixa-iva-gasolina"],"yoast_head":"<!-- This site is optimized with the Yoast SEO plugin v27.5 - https:\/\/yoast.com\/product\/yoast-seo-wordpress\/ -->\n<title>Aix\u00ed impactar\u00e0 la rebaixa de l\u2019IVA en el preu de la gasolina a Espanya - Asesor\u00eda Compta-Clar Rebaixa de l\u2019IVA gasolina 2026: quant baixa el preu<\/title>\n<meta name=\"description\" content=\"Descobreix com la rebaixa de l\u2019IVA al 10% afectar\u00e0 el preu de la gasolina a Espanya i quant podr\u00e0s estalviar per litre i per dip\u00f2sit.\" \/>\n<meta name=\"robots\" content=\"index, follow, max-snippet:-1, max-image-preview:large, max-video-preview:-1\" \/>\n<link rel=\"canonical\" href=\"https:\/\/cccambrils.cat\/ca\/rebaixa-iva-gasolina-espanya-preu-combustible-2026\/\" \/>\n<meta property=\"og:locale\" content=\"ca_ES\" \/>\n<meta property=\"og:type\" content=\"article\" \/>\n<meta property=\"og:title\" content=\"Aix\u00ed impactar\u00e0 la rebaixa de l\u2019IVA en el preu de la gasolina a Espanya - Asesor\u00eda Compta-Clar Rebaixa de l\u2019IVA gasolina 2026: quant baixa el preu\" \/>\n<meta property=\"og:description\" content=\"Descobreix com la rebaixa de l\u2019IVA al 10% afectar\u00e0 el preu de la gasolina a Espanya i quant podr\u00e0s estalviar per litre i per dip\u00f2sit.\" \/>\n<meta property=\"og:url\" content=\"https:\/\/cccambrils.cat\/ca\/rebaixa-iva-gasolina-espanya-preu-combustible-2026\/\" \/>\n<meta property=\"og:site_name\" content=\"Asesor\u00eda Compta-Clar\" \/>\n<meta property=\"article:published_time\" content=\"2026-03-24T09:05:22+00:00\" \/>\n<meta property=\"article:modified_time\" content=\"2026-03-24T09:05:24+00:00\" \/>\n<meta property=\"og:image\" content=\"https:\/\/cccambrils.cat\/wp-content\/uploads\/2026\/03\/gasolina.png\" \/>\n\t<meta property=\"og:image:width\" content=\"1536\" \/>\n\t<meta property=\"og:image:height\" content=\"1024\" \/>\n\t<meta property=\"og:image:type\" content=\"image\/png\" \/>\n<meta name=\"author\" content=\"Compta Clar\" \/>\n<meta name=\"twitter:card\" content=\"summary_large_image\" \/>\n<meta name=\"twitter:label1\" content=\"Escrit per\" \/>\n\t<meta name=\"twitter:data1\" content=\"Compta Clar\" \/>\n\t<meta name=\"twitter:label2\" content=\"Temps estimat de lectura\" \/>\n\t<meta name=\"twitter:data2\" content=\"2 minuts\" \/>\n<script type=\"application\/ld+json\" class=\"yoast-schema-graph\">{\"@context\":\"https:\\\/\\\/schema.org\",\"@graph\":[{\"@type\":\"Article\",\"@id\":\"https:\\\/\\\/cccambrils.cat\\\/ca\\\/rebaixa-iva-gasolina-espanya-preu-combustible-2026\\\/#article\",\"isPartOf\":{\"@id\":\"https:\\\/\\\/cccambrils.cat\\\/ca\\\/rebaixa-iva-gasolina-espanya-preu-combustible-2026\\\/\"},\"author\":{\"name\":\"Compta Clar\",\"@id\":\"https:\\\/\\\/cccambrils.cat\\\/#\\\/schema\\\/person\\\/9902b120a50b716a1ea72a822d13a1d2\"},\"headline\":\"Aix\u00ed impactar\u00e0 la rebaixa de l\u2019IVA en el preu de la gasolina a Espanya\",\"datePublished\":\"2026-03-24T09:05:22+00:00\",\"dateModified\":\"2026-03-24T09:05:24+00:00\",\"mainEntityOfPage\":{\"@id\":\"https:\\\/\\\/cccambrils.cat\\\/ca\\\/rebaixa-iva-gasolina-espanya-preu-combustible-2026\\\/\"},\"wordCount\":394,\"publisher\":{\"@id\":\"https:\\\/\\\/cccambrils.cat\\\/#organization\"},\"image\":{\"@id\":\"https:\\\/\\\/cccambrils.cat\\\/ca\\\/rebaixa-iva-gasolina-espanya-preu-combustible-2026\\\/#primaryimage\"},\"thumbnailUrl\":\"https:\\\/\\\/cccambrils.cat\\\/wp-content\\\/uploads\\\/2026\\\/03\\\/gasolina.png\",\"keywords\":[\"gasolina Espanya\",\"impostos carburants\",\"preu combustible\",\"rebaixa IVA gasolina\"],\"articleSection\":[\"Aut\u00f3nomos\",\"Empresas\"],\"inLanguage\":\"ca\"},{\"@type\":\"WebPage\",\"@id\":\"https:\\\/\\\/cccambrils.cat\\\/ca\\\/rebaixa-iva-gasolina-espanya-preu-combustible-2026\\\/\",\"url\":\"https:\\\/\\\/cccambrils.cat\\\/ca\\\/rebaixa-iva-gasolina-espanya-preu-combustible-2026\\\/\",\"name\":\"Aix\u00ed impactar\u00e0 la rebaixa de l\u2019IVA en el preu de la gasolina a Espanya - Asesor\u00eda Compta-Clar Rebaixa de l\u2019IVA gasolina 2026: quant baixa el preu\",\"isPartOf\":{\"@id\":\"https:\\\/\\\/cccambrils.cat\\\/#website\"},\"primaryImageOfPage\":{\"@id\":\"https:\\\/\\\/cccambrils.cat\\\/ca\\\/rebaixa-iva-gasolina-espanya-preu-combustible-2026\\\/#primaryimage\"},\"image\":{\"@id\":\"https:\\\/\\\/cccambrils.cat\\\/ca\\\/rebaixa-iva-gasolina-espanya-preu-combustible-2026\\\/#primaryimage\"},\"thumbnailUrl\":\"https:\\\/\\\/cccambrils.cat\\\/wp-content\\\/uploads\\\/2026\\\/03\\\/gasolina.png\",\"datePublished\":\"2026-03-24T09:05:22+00:00\",\"dateModified\":\"2026-03-24T09:05:24+00:00\",\"description\":\"Descobreix com la rebaixa de l\u2019IVA al 10% afectar\u00e0 el preu de la gasolina a Espanya i quant podr\u00e0s estalviar per litre i per dip\u00f2sit.\",\"breadcrumb\":{\"@id\":\"https:\\\/\\\/cccambrils.cat\\\/ca\\\/rebaixa-iva-gasolina-espanya-preu-combustible-2026\\\/#breadcrumb\"},\"inLanguage\":\"ca\",\"potentialAction\":[{\"@type\":\"ReadAction\",\"target\":[\"https:\\\/\\\/cccambrils.cat\\\/ca\\\/rebaixa-iva-gasolina-espanya-preu-combustible-2026\\\/\"]}]},{\"@type\":\"ImageObject\",\"inLanguage\":\"ca\",\"@id\":\"https:\\\/\\\/cccambrils.cat\\\/ca\\\/rebaixa-iva-gasolina-espanya-preu-combustible-2026\\\/#primaryimage\",\"url\":\"https:\\\/\\\/cccambrils.cat\\\/wp-content\\\/uploads\\\/2026\\\/03\\\/gasolina.png\",\"contentUrl\":\"https:\\\/\\\/cccambrils.cat\\\/wp-content\\\/uploads\\\/2026\\\/03\\\/gasolina.png\",\"width\":1536,\"height\":1024,\"caption\":\"An\u00e0lisi fiscal de l\u2019impacte de la rebaixa de l\u2019IVA en la gasolina a Espanya\"},{\"@type\":\"BreadcrumbList\",\"@id\":\"https:\\\/\\\/cccambrils.cat\\\/ca\\\/rebaixa-iva-gasolina-espanya-preu-combustible-2026\\\/#breadcrumb\",\"itemListElement\":[{\"@type\":\"ListItem\",\"position\":1,\"name\":\"Portada\",\"item\":\"https:\\\/\\\/cccambrils.cat\\\/ca\\\/\"},{\"@type\":\"ListItem\",\"position\":2,\"name\":\"Aix\u00ed impactar\u00e0 la rebaixa de l\u2019IVA en el preu de la gasolina a Espanya\"}]},{\"@type\":\"WebSite\",\"@id\":\"https:\\\/\\\/cccambrils.cat\\\/#website\",\"url\":\"https:\\\/\\\/cccambrils.cat\\\/\",\"name\":\"Asesor\u00eda Compta-Clar\",\"description\":\"Asesor\u00eda profesional en Cambrils, Reus y Tarragona\",\"publisher\":{\"@id\":\"https:\\\/\\\/cccambrils.cat\\\/#organization\"},\"potentialAction\":[{\"@type\":\"SearchAction\",\"target\":{\"@type\":\"EntryPoint\",\"urlTemplate\":\"https:\\\/\\\/cccambrils.cat\\\/?s={search_term_string}\"},\"query-input\":{\"@type\":\"PropertyValueSpecification\",\"valueRequired\":true,\"valueName\":\"search_term_string\"}}],\"inLanguage\":\"ca\"},{\"@type\":\"Organization\",\"@id\":\"https:\\\/\\\/cccambrils.cat\\\/#organization\",\"name\":\"Asesor\u00eda Compta-Clar\",\"url\":\"https:\\\/\\\/cccambrils.cat\\\/\",\"logo\":{\"@type\":\"ImageObject\",\"inLanguage\":\"ca\",\"@id\":\"https:\\\/\\\/cccambrils.cat\\\/#\\\/schema\\\/logo\\\/image\\\/\",\"url\":\"\",\"contentUrl\":\"\",\"caption\":\"Asesor\u00eda Compta-Clar\"},\"image\":{\"@id\":\"https:\\\/\\\/cccambrils.cat\\\/#\\\/schema\\\/logo\\\/image\\\/\"}},{\"@type\":\"Person\",\"@id\":\"https:\\\/\\\/cccambrils.cat\\\/#\\\/schema\\\/person\\\/9902b120a50b716a1ea72a822d13a1d2\",\"name\":\"Compta Clar\",\"image\":{\"@type\":\"ImageObject\",\"inLanguage\":\"ca\",\"@id\":\"https:\\\/\\\/secure.gravatar.com\\\/avatar\\\/5d5a70e0d55973c8bac1d128e2e64d8debf58c20003b272166918508e37ceaa2?s=96&d=mm&r=g\",\"url\":\"https:\\\/\\\/secure.gravatar.com\\\/avatar\\\/5d5a70e0d55973c8bac1d128e2e64d8debf58c20003b272166918508e37ceaa2?s=96&d=mm&r=g\",\"contentUrl\":\"https:\\\/\\\/secure.gravatar.com\\\/avatar\\\/5d5a70e0d55973c8bac1d128e2e64d8debf58c20003b272166918508e37ceaa2?s=96&d=mm&r=g\",\"caption\":\"Compta Clar\"}}]}<\/script>\n<!-- \/ Yoast SEO plugin. -->","yoast_head_json":{"title":"Aix\u00ed impactar\u00e0 la rebaixa de l\u2019IVA en el preu de la gasolina a Espanya - Asesor\u00eda Compta-Clar Rebaixa de l\u2019IVA gasolina 2026: quant baixa el preu","description":"Descobreix com la rebaixa de l\u2019IVA al 10% afectar\u00e0 el preu de la gasolina a Espanya i quant podr\u00e0s estalviar per litre i per dip\u00f2sit.","robots":{"index":"index","follow":"follow","max-snippet":"max-snippet:-1","max-image-preview":"max-image-preview:large","max-video-preview":"max-video-preview:-1"},"canonical":"https:\/\/cccambrils.cat\/ca\/rebaixa-iva-gasolina-espanya-preu-combustible-2026\/","og_locale":"ca_ES","og_type":"article","og_title":"Aix\u00ed impactar\u00e0 la rebaixa de l\u2019IVA en el preu de la gasolina a Espanya - Asesor\u00eda Compta-Clar Rebaixa de l\u2019IVA gasolina 2026: quant baixa el preu","og_description":"Descobreix com la rebaixa de l\u2019IVA al 10% afectar\u00e0 el preu de la gasolina a Espanya i quant podr\u00e0s estalviar per litre i per dip\u00f2sit.","og_url":"https:\/\/cccambrils.cat\/ca\/rebaixa-iva-gasolina-espanya-preu-combustible-2026\/","og_site_name":"Asesor\u00eda Compta-Clar","article_published_time":"2026-03-24T09:05:22+00:00","article_modified_time":"2026-03-24T09:05:24+00:00","og_image":[{"width":1536,"height":1024,"url":"https:\/\/cccambrils.cat\/wp-content\/uploads\/2026\/03\/gasolina.png","type":"image\/png"}],"author":"Compta Clar","twitter_card":"summary_large_image","twitter_misc":{"Escrit per":"Compta Clar","Temps estimat de lectura":"2 minuts"},"schema":{"@context":"https:\/\/schema.org","@graph":[{"@type":"Article","@id":"https:\/\/cccambrils.cat\/ca\/rebaixa-iva-gasolina-espanya-preu-combustible-2026\/#article","isPartOf":{"@id":"https:\/\/cccambrils.cat\/ca\/rebaixa-iva-gasolina-espanya-preu-combustible-2026\/"},"author":{"name":"Compta Clar","@id":"https:\/\/cccambrils.cat\/#\/schema\/person\/9902b120a50b716a1ea72a822d13a1d2"},"headline":"Aix\u00ed impactar\u00e0 la rebaixa de l\u2019IVA en el preu de la gasolina a Espanya","datePublished":"2026-03-24T09:05:22+00:00","dateModified":"2026-03-24T09:05:24+00:00","mainEntityOfPage":{"@id":"https:\/\/cccambrils.cat\/ca\/rebaixa-iva-gasolina-espanya-preu-combustible-2026\/"},"wordCount":394,"publisher":{"@id":"https:\/\/cccambrils.cat\/#organization"},"image":{"@id":"https:\/\/cccambrils.cat\/ca\/rebaixa-iva-gasolina-espanya-preu-combustible-2026\/#primaryimage"},"thumbnailUrl":"https:\/\/cccambrils.cat\/wp-content\/uploads\/2026\/03\/gasolina.png","keywords":["gasolina Espanya","impostos carburants","preu combustible","rebaixa IVA gasolina"],"articleSection":["Aut\u00f3nomos","Empresas"],"inLanguage":"ca"},{"@type":"WebPage","@id":"https:\/\/cccambrils.cat\/ca\/rebaixa-iva-gasolina-espanya-preu-combustible-2026\/","url":"https:\/\/cccambrils.cat\/ca\/rebaixa-iva-gasolina-espanya-preu-combustible-2026\/","name":"Aix\u00ed impactar\u00e0 la rebaixa de l\u2019IVA en el preu de la gasolina a Espanya - Asesor\u00eda Compta-Clar Rebaixa de l\u2019IVA gasolina 2026: quant baixa el preu","isPartOf":{"@id":"https:\/\/cccambrils.cat\/#website"},"primaryImageOfPage":{"@id":"https:\/\/cccambrils.cat\/ca\/rebaixa-iva-gasolina-espanya-preu-combustible-2026\/#primaryimage"},"image":{"@id":"https:\/\/cccambrils.cat\/ca\/rebaixa-iva-gasolina-espanya-preu-combustible-2026\/#primaryimage"},"thumbnailUrl":"https:\/\/cccambrils.cat\/wp-content\/uploads\/2026\/03\/gasolina.png","datePublished":"2026-03-24T09:05:22+00:00","dateModified":"2026-03-24T09:05:24+00:00","description":"Descobreix com la rebaixa de l\u2019IVA al 10% afectar\u00e0 el preu de la gasolina a Espanya i quant podr\u00e0s estalviar per litre i per dip\u00f2sit.","breadcrumb":{"@id":"https:\/\/cccambrils.cat\/ca\/rebaixa-iva-gasolina-espanya-preu-combustible-2026\/#breadcrumb"},"inLanguage":"ca","potentialAction":[{"@type":"ReadAction","target":["https:\/\/cccambrils.cat\/ca\/rebaixa-iva-gasolina-espanya-preu-combustible-2026\/"]}]},{"@type":"ImageObject","inLanguage":"ca","@id":"https:\/\/cccambrils.cat\/ca\/rebaixa-iva-gasolina-espanya-preu-combustible-2026\/#primaryimage","url":"https:\/\/cccambrils.cat\/wp-content\/uploads\/2026\/03\/gasolina.png","contentUrl":"https:\/\/cccambrils.cat\/wp-content\/uploads\/2026\/03\/gasolina.png","width":1536,"height":1024,"caption":"An\u00e0lisi fiscal de l\u2019impacte de la rebaixa de l\u2019IVA en la gasolina a Espanya"},{"@type":"BreadcrumbList","@id":"https:\/\/cccambrils.cat\/ca\/rebaixa-iva-gasolina-espanya-preu-combustible-2026\/#breadcrumb","itemListElement":[{"@type":"ListItem","position":1,"name":"Portada","item":"https:\/\/cccambrils.cat\/ca\/"},{"@type":"ListItem","position":2,"name":"Aix\u00ed impactar\u00e0 la rebaixa de l\u2019IVA en el preu de la gasolina a Espanya"}]},{"@type":"WebSite","@id":"https:\/\/cccambrils.cat\/#website","url":"https:\/\/cccambrils.cat\/","name":"Asesor\u00eda Compta-Clar","description":"Asesor\u00eda profesional en Cambrils, Reus y Tarragona","publisher":{"@id":"https:\/\/cccambrils.cat\/#organization"},"potentialAction":[{"@type":"SearchAction","target":{"@type":"EntryPoint","urlTemplate":"https:\/\/cccambrils.cat\/?s={search_term_string}"},"query-input":{"@type":"PropertyValueSpecification","valueRequired":true,"valueName":"search_term_string"}}],"inLanguage":"ca"},{"@type":"Organization","@id":"https:\/\/cccambrils.cat\/#organization","name":"Asesor\u00eda Compta-Clar","url":"https:\/\/cccambrils.cat\/","logo":{"@type":"ImageObject","inLanguage":"ca","@id":"https:\/\/cccambrils.cat\/#\/schema\/logo\/image\/","url":"","contentUrl":"","caption":"Asesor\u00eda Compta-Clar"},"image":{"@id":"https:\/\/cccambrils.cat\/#\/schema\/logo\/image\/"}},{"@type":"Person","@id":"https:\/\/cccambrils.cat\/#\/schema\/person\/9902b120a50b716a1ea72a822d13a1d2","name":"Compta Clar","image":{"@type":"ImageObject","inLanguage":"ca","@id":"https:\/\/secure.gravatar.com\/avatar\/5d5a70e0d55973c8bac1d128e2e64d8debf58c20003b272166918508e37ceaa2?s=96&d=mm&r=g","url":"https:\/\/secure.gravatar.com\/avatar\/5d5a70e0d55973c8bac1d128e2e64d8debf58c20003b272166918508e37ceaa2?s=96&d=mm&r=g","contentUrl":"https:\/\/secure.gravatar.com\/avatar\/5d5a70e0d55973c8bac1d128e2e64d8debf58c20003b272166918508e37ceaa2?s=96&d=mm&r=g","caption":"Compta Clar"}}]}},"_links":{"self":[{"href":"https:\/\/cccambrils.cat\/ca\/wp-json\/wp\/v2\/posts\/7686","targetHints":{"allow":["GET"]}}],"collection":[{"href":"https:\/\/cccambrils.cat\/ca\/wp-json\/wp\/v2\/posts"}],"about":[{"href":"https:\/\/cccambrils.cat\/ca\/wp-json\/wp\/v2\/types\/post"}],"author":[{"embeddable":true,"href":"https:\/\/cccambrils.cat\/ca\/wp-json\/wp\/v2\/users\/1"}],"replies":[{"embeddable":true,"href":"https:\/\/cccambrils.cat\/ca\/wp-json\/wp\/v2\/comments?post=7686"}],"version-history":[{"count":1,"href":"https:\/\/cccambrils.cat\/ca\/wp-json\/wp\/v2\/posts\/7686\/revisions"}],"predecessor-version":[{"id":7687,"href":"https:\/\/cccambrils.cat\/ca\/wp-json\/wp\/v2\/posts\/7686\/revisions\/7687"}],"wp:featuredmedia":[{"embeddable":true,"href":"https:\/\/cccambrils.cat\/ca\/wp-json\/wp\/v2\/media\/7683"}],"wp:attachment":[{"href":"https:\/\/cccambrils.cat\/ca\/wp-json\/wp\/v2\/media?parent=7686"}],"wp:term":[{"taxonomy":"category","embeddable":true,"href":"https:\/\/cccambrils.cat\/ca\/wp-json\/wp\/v2\/categories?post=7686"},{"taxonomy":"post_tag","embeddable":true,"href":"https:\/\/cccambrils.cat\/ca\/wp-json\/wp\/v2\/tags?post=7686"}],"curies":[{"name":"wp","href":"https:\/\/api.w.org\/{rel}","templated":true}]}}