{"id":7679,"date":"2026-03-23T09:36:54","date_gmt":"2026-03-23T08:36:54","guid":{"rendered":"https:\/\/cccambrils.cat\/?p=7679"},"modified":"2026-03-23T09:43:12","modified_gmt":"2026-03-23T08:43:12","slug":"deduccio-340-euros-renda-2026","status":"publish","type":"post","link":"https:\/\/cccambrils.cat\/ca\/deduccio-340-euros-renda-2026\/","title":{"rendered":"Deducci\u00f3 de 340 euros a la Renda 2026: requisits, qui la pot aplicar i com funciona"},"content":{"rendered":"\n<p>La campanya de la <strong>Renda 2026<\/strong> incorpora una deducci\u00f3 a l\u2019IRPF de fins a <strong>340 euros<\/strong> que pot beneficiar milers de treballadors amb ingressos baixos a Espanya.<\/p>\n\n\n\n<!--more-->\n\n\n\n<p>Aquesta mesura fiscal est\u00e0 pensada per reduir la c\u00e0rrega impositiva i s\u2019aplica directament a la declaraci\u00f3, sense necessitat de fer cap tr\u00e0mit addicional.<\/p>\n\n\n\n<h3 class=\"wp-block-heading\">Qu\u00e8 \u00e9s la deducci\u00f3 de 340 euros a la Renda 2026<\/h3>\n\n\n\n<p>La deducci\u00f3 de 340 euros \u00e9s un benefici fiscal dins de l\u2019Impost sobre la Renda de les Persones F\u00edsiques (IRPF) que permet reduir l\u2019import a pagar o augmentar la devoluci\u00f3.<\/p>\n\n\n\n<p>No \u00e9s un ingr\u00e9s directe, sin\u00f3 una <strong>reducci\u00f3 de la quota de l\u2019impost<\/strong>, de manera que l\u2019impacte final dependr\u00e0 de cada contribuent.<\/p>\n\n\n\n<h3 class=\"wp-block-heading\">Requisits per aplicar la deducci\u00f3 a la declaraci\u00f3 de la renda<\/h3>\n\n\n\n<p>Per poder aplicar aquesta deducci\u00f3 a la <strong>declaraci\u00f3 de la renda 2026<\/strong>, cal complir aquests requisits:<\/p>\n\n\n\n<ul class=\"wp-block-list\">\n<li>Tenir ingressos del treball inferiors a <strong>18.276 euros anuals<\/strong><\/li>\n\n\n\n<li>No superar els <strong>6.500 euros en altres rendes<\/strong> (com lloguers, interessos o dividends)<\/li>\n\n\n\n<li>Que la major part dels ingressos provingui del treball<\/li>\n<\/ul>\n\n\n\n<p>Aquesta deducci\u00f3 est\u00e0 especialment dirigida a treballadors amb salaris baixos o propers al salari m\u00ednim.<\/p>\n\n\n\n<h3 class=\"wp-block-heading\">Quant et pots deduir a la Renda 2026<\/h3>\n\n\n\n<p>L\u2019import de la deducci\u00f3 varia en funci\u00f3 dels ingressos:<\/p>\n\n\n\n<ul class=\"wp-block-list\">\n<li><strong>Fins a 16.576 euros<\/strong>: deducci\u00f3 m\u00e0xima de <strong>340 euros<\/strong><\/li>\n\n\n\n<li><strong>Entre 16.576 i 18.276 euros<\/strong>: la deducci\u00f3 es redueix progressivament<\/li>\n\n\n\n<li><strong>M\u00e9s de 18.276 euros<\/strong>: no s\u2019aplica la deducci\u00f3<\/li>\n<\/ul>\n\n\n\n<p>Aquesta reducci\u00f3 progressiva fa que petites difer\u00e8ncies salarials puguin influir en el resultat final.<\/p>\n\n\n\n<h3 class=\"wp-block-heading\">Com sol\u00b7licitar la deducci\u00f3 de 340 euros<\/h3>\n\n\n\n<p>Un dels avantatges principals \u00e9s que <strong>no cal sol\u00b7licitar-la<\/strong>.<\/p>\n\n\n\n<p>La deducci\u00f3 s\u2019aplica autom\u00e0ticament a l\u2019esborrany de la declaraci\u00f3 de la renda que facilita l\u2019Ag\u00e8ncia Tribut\u00e0ria, sempre que es compleixin els requisits.<\/p>\n\n\n\n<h3 class=\"wp-block-heading\">Per qu\u00e8 existeix aquesta deducci\u00f3 a l\u2019IRPF<\/h3>\n\n\n\n<p>L\u2019objectiu d\u2019aquesta mesura \u00e9s compensar l\u2019impacte de l\u2019augment del salari m\u00ednim en la tributaci\u00f3.<\/p>\n\n\n\n<p>En els darrers anys, molts treballadors amb ingressos baixos han comen\u00e7at a pagar m\u00e9s IRPF. Amb aquesta deducci\u00f3, es busca evitar que aquest increment salarial impliqui una c\u00e0rrega fiscal m\u00e9s elevada.<\/p>\n\n\n\n<h3 class=\"wp-block-heading\">Consells abans de presentar la declaraci\u00f3 de la renda<\/h3>\n\n\n\n<p>Tot i que la deducci\u00f3 s\u2019aplica autom\u00e0ticament, \u00e9s important revisar b\u00e9 l\u2019esborrany abans de confirmar-lo:<\/p>\n\n\n\n<ul class=\"wp-block-list\">\n<li>Verificar que els ingressos del treball siguin correctes<\/li>\n\n\n\n<li>Comprovar que no se superin els l\u00edmits d\u2019altres rendes<\/li>\n\n\n\n<li>Revisar les retencions aplicades a la n\u00f2mina<\/li>\n<\/ul>\n\n\n\n<p>En alguns casos, la deducci\u00f3 pot no aplicar-se \u00edntegrament si la quota de l\u2019impost \u00e9s baixa.<\/p>\n","protected":false},"excerpt":{"rendered":"<p>La campanya de la Renda 2026 incorpora una deducci\u00f3 a l\u2019IRPF de fins a 340 euros que pot beneficiar milers de treballadors amb ingressos baixos a Espanya.<\/p>\n","protected":false},"author":1,"featured_media":7677,"comment_status":"closed","ping_status":"closed","sticky":false,"template":"","format":"standard","meta":{"footnotes":""},"categories":[24,42,50],"tags":[],"class_list":["post-7679","post","type-post","status-publish","format-standard","has-post-thumbnail","hentry","category-compta-clar-ca","category-irpf","category-renda"],"yoast_head":"<!-- This site is optimized with the Yoast SEO plugin v27.5 - https:\/\/yoast.com\/product\/yoast-seo-wordpress\/ -->\n<title>Deducci\u00f3 de 340 euros a la Renda 2026: requisits, qui la pot aplicar i com funciona - Asesor\u00eda Compta-Clar Deducci\u00f3 de 340 euros a la Renda 2026: requisits, qui la pot aplicar i quant pots estalviar<\/title>\n<meta name=\"description\" content=\"Descobreix com funciona la deducci\u00f3 de fins a 340 euros a la Renda 2026, qui se\u2019n pot beneficiar, els requisits i com s\u2019aplica a la declaraci\u00f3.\" \/>\n<meta name=\"robots\" content=\"index, follow, max-snippet:-1, max-image-preview:large, max-video-preview:-1\" \/>\n<link rel=\"canonical\" href=\"https:\/\/cccambrils.cat\/ca\/deduccio-340-euros-renda-2026\/\" \/>\n<meta property=\"og:locale\" content=\"ca_ES\" \/>\n<meta property=\"og:type\" content=\"article\" \/>\n<meta property=\"og:title\" content=\"Deducci\u00f3 de 340 euros a la Renda 2026: requisits, qui la pot aplicar i com funciona - Asesor\u00eda Compta-Clar Deducci\u00f3 de 340 euros a la Renda 2026: requisits, qui la pot aplicar i quant pots estalviar\" \/>\n<meta property=\"og:description\" content=\"Descobreix com funciona la deducci\u00f3 de fins a 340 euros a la Renda 2026, qui se\u2019n pot beneficiar, els requisits i com s\u2019aplica a la declaraci\u00f3.\" \/>\n<meta property=\"og:url\" content=\"https:\/\/cccambrils.cat\/ca\/deduccio-340-euros-renda-2026\/\" \/>\n<meta property=\"og:site_name\" content=\"Asesor\u00eda Compta-Clar\" \/>\n<meta property=\"article:published_time\" content=\"2026-03-23T08:36:54+00:00\" \/>\n<meta property=\"article:modified_time\" content=\"2026-03-23T08:43:12+00:00\" \/>\n<meta property=\"og:image\" content=\"https:\/\/cccambrils.cat\/wp-content\/uploads\/2026\/03\/deduccion-340-euros-renta-2026-1024x683.png\" \/>\n\t<meta property=\"og:image:width\" content=\"1024\" \/>\n\t<meta property=\"og:image:height\" content=\"683\" \/>\n\t<meta property=\"og:image:type\" content=\"image\/png\" \/>\n<meta name=\"author\" content=\"Compta Clar\" \/>\n<meta name=\"twitter:card\" content=\"summary_large_image\" \/>\n<meta name=\"twitter:label1\" content=\"Escrit per\" \/>\n\t<meta name=\"twitter:data1\" content=\"Compta Clar\" \/>\n\t<meta name=\"twitter:label2\" content=\"Temps estimat de lectura\" \/>\n\t<meta name=\"twitter:data2\" content=\"3 minuts\" \/>\n<script type=\"application\/ld+json\" class=\"yoast-schema-graph\">{\"@context\":\"https:\\\/\\\/schema.org\",\"@graph\":[{\"@type\":\"Article\",\"@id\":\"https:\\\/\\\/cccambrils.cat\\\/ca\\\/deduccio-340-euros-renda-2026\\\/#article\",\"isPartOf\":{\"@id\":\"https:\\\/\\\/cccambrils.cat\\\/ca\\\/deduccio-340-euros-renda-2026\\\/\"},\"author\":{\"name\":\"Compta Clar\",\"@id\":\"https:\\\/\\\/cccambrils.cat\\\/#\\\/schema\\\/person\\\/9902b120a50b716a1ea72a822d13a1d2\"},\"headline\":\"Deducci\u00f3 de 340 euros a la Renda 2026: requisits, qui la pot aplicar i com funciona\",\"datePublished\":\"2026-03-23T08:36:54+00:00\",\"dateModified\":\"2026-03-23T08:43:12+00:00\",\"mainEntityOfPage\":{\"@id\":\"https:\\\/\\\/cccambrils.cat\\\/ca\\\/deduccio-340-euros-renda-2026\\\/\"},\"wordCount\":438,\"publisher\":{\"@id\":\"https:\\\/\\\/cccambrils.cat\\\/#organization\"},\"image\":{\"@id\":\"https:\\\/\\\/cccambrils.cat\\\/ca\\\/deduccio-340-euros-renda-2026\\\/#primaryimage\"},\"thumbnailUrl\":\"https:\\\/\\\/cccambrils.cat\\\/wp-content\\\/uploads\\\/2026\\\/03\\\/deduccion-340-euros-renta-2026.png\",\"articleSection\":[\"Compta Clar @ca\",\"IRPF\",\"Renda\"],\"inLanguage\":\"ca\"},{\"@type\":\"WebPage\",\"@id\":\"https:\\\/\\\/cccambrils.cat\\\/ca\\\/deduccio-340-euros-renda-2026\\\/\",\"url\":\"https:\\\/\\\/cccambrils.cat\\\/ca\\\/deduccio-340-euros-renda-2026\\\/\",\"name\":\"Deducci\u00f3 de 340 euros a la Renda 2026: requisits, qui la pot aplicar i com funciona - Asesor\u00eda Compta-Clar Deducci\u00f3 de 340 euros a la Renda 2026: requisits, qui la pot aplicar i quant pots estalviar\",\"isPartOf\":{\"@id\":\"https:\\\/\\\/cccambrils.cat\\\/#website\"},\"primaryImageOfPage\":{\"@id\":\"https:\\\/\\\/cccambrils.cat\\\/ca\\\/deduccio-340-euros-renda-2026\\\/#primaryimage\"},\"image\":{\"@id\":\"https:\\\/\\\/cccambrils.cat\\\/ca\\\/deduccio-340-euros-renda-2026\\\/#primaryimage\"},\"thumbnailUrl\":\"https:\\\/\\\/cccambrils.cat\\\/wp-content\\\/uploads\\\/2026\\\/03\\\/deduccion-340-euros-renta-2026.png\",\"datePublished\":\"2026-03-23T08:36:54+00:00\",\"dateModified\":\"2026-03-23T08:43:12+00:00\",\"description\":\"Descobreix com funciona la deducci\u00f3 de fins a 340 euros a la Renda 2026, qui se\u2019n pot beneficiar, els requisits i com s\u2019aplica a la declaraci\u00f3.\",\"breadcrumb\":{\"@id\":\"https:\\\/\\\/cccambrils.cat\\\/ca\\\/deduccio-340-euros-renda-2026\\\/#breadcrumb\"},\"inLanguage\":\"ca\",\"potentialAction\":[{\"@type\":\"ReadAction\",\"target\":[\"https:\\\/\\\/cccambrils.cat\\\/ca\\\/deduccio-340-euros-renda-2026\\\/\"]}]},{\"@type\":\"ImageObject\",\"inLanguage\":\"ca\",\"@id\":\"https:\\\/\\\/cccambrils.cat\\\/ca\\\/deduccio-340-euros-renda-2026\\\/#primaryimage\",\"url\":\"https:\\\/\\\/cccambrils.cat\\\/wp-content\\\/uploads\\\/2026\\\/03\\\/deduccion-340-euros-renta-2026.png\",\"contentUrl\":\"https:\\\/\\\/cccambrils.cat\\\/wp-content\\\/uploads\\\/2026\\\/03\\\/deduccion-340-euros-renta-2026.png\",\"width\":1536,\"height\":1024,\"caption\":\"Deducci\u00f3n de 340 euros en la Renta 2026 para trabajadores con ingresos bajos\"},{\"@type\":\"BreadcrumbList\",\"@id\":\"https:\\\/\\\/cccambrils.cat\\\/ca\\\/deduccio-340-euros-renda-2026\\\/#breadcrumb\",\"itemListElement\":[{\"@type\":\"ListItem\",\"position\":1,\"name\":\"Portada\",\"item\":\"https:\\\/\\\/cccambrils.cat\\\/ca\\\/\"},{\"@type\":\"ListItem\",\"position\":2,\"name\":\"Deducci\u00f3 de 340 euros a la Renda 2026: requisits, qui la pot aplicar i com funciona\"}]},{\"@type\":\"WebSite\",\"@id\":\"https:\\\/\\\/cccambrils.cat\\\/#website\",\"url\":\"https:\\\/\\\/cccambrils.cat\\\/\",\"name\":\"Asesor\u00eda Compta-Clar\",\"description\":\"Asesor\u00eda profesional en Cambrils, Reus y Tarragona\",\"publisher\":{\"@id\":\"https:\\\/\\\/cccambrils.cat\\\/#organization\"},\"potentialAction\":[{\"@type\":\"SearchAction\",\"target\":{\"@type\":\"EntryPoint\",\"urlTemplate\":\"https:\\\/\\\/cccambrils.cat\\\/?s={search_term_string}\"},\"query-input\":{\"@type\":\"PropertyValueSpecification\",\"valueRequired\":true,\"valueName\":\"search_term_string\"}}],\"inLanguage\":\"ca\"},{\"@type\":\"Organization\",\"@id\":\"https:\\\/\\\/cccambrils.cat\\\/#organization\",\"name\":\"Asesor\u00eda Compta-Clar\",\"url\":\"https:\\\/\\\/cccambrils.cat\\\/\",\"logo\":{\"@type\":\"ImageObject\",\"inLanguage\":\"ca\",\"@id\":\"https:\\\/\\\/cccambrils.cat\\\/#\\\/schema\\\/logo\\\/image\\\/\",\"url\":\"\",\"contentUrl\":\"\",\"caption\":\"Asesor\u00eda Compta-Clar\"},\"image\":{\"@id\":\"https:\\\/\\\/cccambrils.cat\\\/#\\\/schema\\\/logo\\\/image\\\/\"}},{\"@type\":\"Person\",\"@id\":\"https:\\\/\\\/cccambrils.cat\\\/#\\\/schema\\\/person\\\/9902b120a50b716a1ea72a822d13a1d2\",\"name\":\"Compta Clar\",\"image\":{\"@type\":\"ImageObject\",\"inLanguage\":\"ca\",\"@id\":\"https:\\\/\\\/secure.gravatar.com\\\/avatar\\\/5d5a70e0d55973c8bac1d128e2e64d8debf58c20003b272166918508e37ceaa2?s=96&d=mm&r=g\",\"url\":\"https:\\\/\\\/secure.gravatar.com\\\/avatar\\\/5d5a70e0d55973c8bac1d128e2e64d8debf58c20003b272166918508e37ceaa2?s=96&d=mm&r=g\",\"contentUrl\":\"https:\\\/\\\/secure.gravatar.com\\\/avatar\\\/5d5a70e0d55973c8bac1d128e2e64d8debf58c20003b272166918508e37ceaa2?s=96&d=mm&r=g\",\"caption\":\"Compta Clar\"}}]}<\/script>\n<!-- \/ Yoast SEO plugin. -->","yoast_head_json":{"title":"Deducci\u00f3 de 340 euros a la Renda 2026: requisits, qui la pot aplicar i com funciona - Asesor\u00eda Compta-Clar Deducci\u00f3 de 340 euros a la Renda 2026: requisits, qui la pot aplicar i quant pots estalviar","description":"Descobreix com funciona la deducci\u00f3 de fins a 340 euros a la Renda 2026, qui se\u2019n pot beneficiar, els requisits i com s\u2019aplica a la declaraci\u00f3.","robots":{"index":"index","follow":"follow","max-snippet":"max-snippet:-1","max-image-preview":"max-image-preview:large","max-video-preview":"max-video-preview:-1"},"canonical":"https:\/\/cccambrils.cat\/ca\/deduccio-340-euros-renda-2026\/","og_locale":"ca_ES","og_type":"article","og_title":"Deducci\u00f3 de 340 euros a la Renda 2026: requisits, qui la pot aplicar i com funciona - Asesor\u00eda Compta-Clar Deducci\u00f3 de 340 euros a la Renda 2026: requisits, qui la pot aplicar i quant pots estalviar","og_description":"Descobreix com funciona la deducci\u00f3 de fins a 340 euros a la Renda 2026, qui se\u2019n pot beneficiar, els requisits i com s\u2019aplica a la declaraci\u00f3.","og_url":"https:\/\/cccambrils.cat\/ca\/deduccio-340-euros-renda-2026\/","og_site_name":"Asesor\u00eda Compta-Clar","article_published_time":"2026-03-23T08:36:54+00:00","article_modified_time":"2026-03-23T08:43:12+00:00","og_image":[{"width":1024,"height":683,"url":"https:\/\/cccambrils.cat\/wp-content\/uploads\/2026\/03\/deduccion-340-euros-renta-2026-1024x683.png","type":"image\/png"}],"author":"Compta Clar","twitter_card":"summary_large_image","twitter_misc":{"Escrit per":"Compta Clar","Temps estimat de lectura":"3 minuts"},"schema":{"@context":"https:\/\/schema.org","@graph":[{"@type":"Article","@id":"https:\/\/cccambrils.cat\/ca\/deduccio-340-euros-renda-2026\/#article","isPartOf":{"@id":"https:\/\/cccambrils.cat\/ca\/deduccio-340-euros-renda-2026\/"},"author":{"name":"Compta Clar","@id":"https:\/\/cccambrils.cat\/#\/schema\/person\/9902b120a50b716a1ea72a822d13a1d2"},"headline":"Deducci\u00f3 de 340 euros a la Renda 2026: requisits, qui la pot aplicar i com funciona","datePublished":"2026-03-23T08:36:54+00:00","dateModified":"2026-03-23T08:43:12+00:00","mainEntityOfPage":{"@id":"https:\/\/cccambrils.cat\/ca\/deduccio-340-euros-renda-2026\/"},"wordCount":438,"publisher":{"@id":"https:\/\/cccambrils.cat\/#organization"},"image":{"@id":"https:\/\/cccambrils.cat\/ca\/deduccio-340-euros-renda-2026\/#primaryimage"},"thumbnailUrl":"https:\/\/cccambrils.cat\/wp-content\/uploads\/2026\/03\/deduccion-340-euros-renta-2026.png","articleSection":["Compta Clar @ca","IRPF","Renda"],"inLanguage":"ca"},{"@type":"WebPage","@id":"https:\/\/cccambrils.cat\/ca\/deduccio-340-euros-renda-2026\/","url":"https:\/\/cccambrils.cat\/ca\/deduccio-340-euros-renda-2026\/","name":"Deducci\u00f3 de 340 euros a la Renda 2026: requisits, qui la pot aplicar i com funciona - Asesor\u00eda Compta-Clar Deducci\u00f3 de 340 euros a la Renda 2026: requisits, qui la pot aplicar i quant pots estalviar","isPartOf":{"@id":"https:\/\/cccambrils.cat\/#website"},"primaryImageOfPage":{"@id":"https:\/\/cccambrils.cat\/ca\/deduccio-340-euros-renda-2026\/#primaryimage"},"image":{"@id":"https:\/\/cccambrils.cat\/ca\/deduccio-340-euros-renda-2026\/#primaryimage"},"thumbnailUrl":"https:\/\/cccambrils.cat\/wp-content\/uploads\/2026\/03\/deduccion-340-euros-renta-2026.png","datePublished":"2026-03-23T08:36:54+00:00","dateModified":"2026-03-23T08:43:12+00:00","description":"Descobreix com funciona la deducci\u00f3 de fins a 340 euros a la Renda 2026, qui se\u2019n pot beneficiar, els requisits i com s\u2019aplica a la declaraci\u00f3.","breadcrumb":{"@id":"https:\/\/cccambrils.cat\/ca\/deduccio-340-euros-renda-2026\/#breadcrumb"},"inLanguage":"ca","potentialAction":[{"@type":"ReadAction","target":["https:\/\/cccambrils.cat\/ca\/deduccio-340-euros-renda-2026\/"]}]},{"@type":"ImageObject","inLanguage":"ca","@id":"https:\/\/cccambrils.cat\/ca\/deduccio-340-euros-renda-2026\/#primaryimage","url":"https:\/\/cccambrils.cat\/wp-content\/uploads\/2026\/03\/deduccion-340-euros-renta-2026.png","contentUrl":"https:\/\/cccambrils.cat\/wp-content\/uploads\/2026\/03\/deduccion-340-euros-renta-2026.png","width":1536,"height":1024,"caption":"Deducci\u00f3n de 340 euros en la Renta 2026 para trabajadores con ingresos bajos"},{"@type":"BreadcrumbList","@id":"https:\/\/cccambrils.cat\/ca\/deduccio-340-euros-renda-2026\/#breadcrumb","itemListElement":[{"@type":"ListItem","position":1,"name":"Portada","item":"https:\/\/cccambrils.cat\/ca\/"},{"@type":"ListItem","position":2,"name":"Deducci\u00f3 de 340 euros a la Renda 2026: requisits, qui la pot aplicar i com funciona"}]},{"@type":"WebSite","@id":"https:\/\/cccambrils.cat\/#website","url":"https:\/\/cccambrils.cat\/","name":"Asesor\u00eda Compta-Clar","description":"Asesor\u00eda profesional en Cambrils, Reus y Tarragona","publisher":{"@id":"https:\/\/cccambrils.cat\/#organization"},"potentialAction":[{"@type":"SearchAction","target":{"@type":"EntryPoint","urlTemplate":"https:\/\/cccambrils.cat\/?s={search_term_string}"},"query-input":{"@type":"PropertyValueSpecification","valueRequired":true,"valueName":"search_term_string"}}],"inLanguage":"ca"},{"@type":"Organization","@id":"https:\/\/cccambrils.cat\/#organization","name":"Asesor\u00eda Compta-Clar","url":"https:\/\/cccambrils.cat\/","logo":{"@type":"ImageObject","inLanguage":"ca","@id":"https:\/\/cccambrils.cat\/#\/schema\/logo\/image\/","url":"","contentUrl":"","caption":"Asesor\u00eda Compta-Clar"},"image":{"@id":"https:\/\/cccambrils.cat\/#\/schema\/logo\/image\/"}},{"@type":"Person","@id":"https:\/\/cccambrils.cat\/#\/schema\/person\/9902b120a50b716a1ea72a822d13a1d2","name":"Compta Clar","image":{"@type":"ImageObject","inLanguage":"ca","@id":"https:\/\/secure.gravatar.com\/avatar\/5d5a70e0d55973c8bac1d128e2e64d8debf58c20003b272166918508e37ceaa2?s=96&d=mm&r=g","url":"https:\/\/secure.gravatar.com\/avatar\/5d5a70e0d55973c8bac1d128e2e64d8debf58c20003b272166918508e37ceaa2?s=96&d=mm&r=g","contentUrl":"https:\/\/secure.gravatar.com\/avatar\/5d5a70e0d55973c8bac1d128e2e64d8debf58c20003b272166918508e37ceaa2?s=96&d=mm&r=g","caption":"Compta Clar"}}]}},"_links":{"self":[{"href":"https:\/\/cccambrils.cat\/ca\/wp-json\/wp\/v2\/posts\/7679","targetHints":{"allow":["GET"]}}],"collection":[{"href":"https:\/\/cccambrils.cat\/ca\/wp-json\/wp\/v2\/posts"}],"about":[{"href":"https:\/\/cccambrils.cat\/ca\/wp-json\/wp\/v2\/types\/post"}],"author":[{"embeddable":true,"href":"https:\/\/cccambrils.cat\/ca\/wp-json\/wp\/v2\/users\/1"}],"replies":[{"embeddable":true,"href":"https:\/\/cccambrils.cat\/ca\/wp-json\/wp\/v2\/comments?post=7679"}],"version-history":[{"count":1,"href":"https:\/\/cccambrils.cat\/ca\/wp-json\/wp\/v2\/posts\/7679\/revisions"}],"predecessor-version":[{"id":7680,"href":"https:\/\/cccambrils.cat\/ca\/wp-json\/wp\/v2\/posts\/7679\/revisions\/7680"}],"wp:featuredmedia":[{"embeddable":true,"href":"https:\/\/cccambrils.cat\/ca\/wp-json\/wp\/v2\/media\/7677"}],"wp:attachment":[{"href":"https:\/\/cccambrils.cat\/ca\/wp-json\/wp\/v2\/media?parent=7679"}],"wp:term":[{"taxonomy":"category","embeddable":true,"href":"https:\/\/cccambrils.cat\/ca\/wp-json\/wp\/v2\/categories?post=7679"},{"taxonomy":"post_tag","embeddable":true,"href":"https:\/\/cccambrils.cat\/ca\/wp-json\/wp\/v2\/tags?post=7679"}],"curies":[{"name":"wp","href":"https:\/\/api.w.org\/{rel}","templated":true}]}}